{"id":799,"date":"2024-10-15T18:41:45","date_gmt":"2024-10-15T18:41:45","guid":{"rendered":"https:\/\/biblioteka.sulejow.pl\/?p=799"},"modified":"2024-10-15T18:41:45","modified_gmt":"2024-10-15T18:41:45","slug":"kolejne-spotkanie-dyskusyjnego-klubu-ksiazki","status":"publish","type":"post","link":"https:\/\/biblioteka.sulejow.pl\/?p=799","title":{"rendered":"Kolejne spotkanie Dyskusyjnego Klubu Ksi\u0105\u017cki"},"content":{"rendered":"\n<p>Na kolejnym spotkaniu sulejowskiego Dyskusyjnego Klubu Ksi\u0105\u017cki poruszono temat mi\u0142o\u015bci silniejszej ni\u017c zatruty umys\u0142 geniusza.. Kolejn\u0105 ksi\u0105\u017ck\u0105, kt\u00f3ra wzbudzi\u0142a wiele emocji w\u015br\u00f3d czytelniczek by\u0142a &#8222;Rosyjska<br>nami\u0119tno\u015b\u0107&#8221; Reyes Monforte &#8211; powie\u015b\u0107 po cz\u0119\u015bci biograficzna, przedstawiaj\u0105ca losy \u017cony genialnego kompozytora Siergieja Prokofiewa. Przez karty powie\u015bci przewija si\u0119 szereg ciekawych, autentycznych<br>postaci, wielka mi\u0142o\u015b\u0107, wielki \u015bwiat, a tak\u017ce b\u00f3l i cierpienie, jakie nios\u0142o ze sob\u0105 trudne \u017cycie w Rosji w XX wieku.<br>Pa\u017adziernik jest miesi\u0105cem, w kt\u00f3rym zwracamy szczeg\u00f3ln\u0105 uwag\u0119 na zielone skarby natury. Dok\u0142adnie w dniu spotkania sulejowskiego czytelniczego klubu przypada\u0142 &#8222;Dzie\u0144 Drzewa&#8221;. \u015awi\u0119to, kt\u00f3re zosta\u0142o ustanowione w celu zwr\u00f3cenia uwagi na wa\u017cn\u0105 rol\u0119 drzew dla \u017cycia na Ziemi, ma swoje korzenie ju\u017c w XVI wieku. Pierwsze udokumentowane obchody Dnia Drzewa zwi\u0105zane z sadzeniem drzew odby\u0142y si\u0119 w 1594 roku w Hiszpanii. Z czasem inicjatywa ta rozprzestrzeni\u0142a si\u0119 na inne kraje. Z tej w\u0142a\u015bnie okazji uczestniczki spotkania w\u0142asnor\u0119cznie wykona\u0142y jesienne stroiki w kszta\u0142cie drzewek z naturalnych materia\u0142\u00f3w oraz sezonowych dar\u00f3w jesieni takich jak szyszki czy orzechy.<\/p>\n\n\n\n<figure class=\"wp-block-gallery has-nested-images columns-default is-cropped wp-block-gallery-1 is-layout-flex wp-block-gallery-is-layout-flex\">\n<figure class=\"wp-block-image size-large\"><a href=\"https:\/\/biblioteka.sulejow.pl\/wpmbps\/wp-content\/uploads\/2024\/10\/1.-Wlasnorecznie-wykonane-jesienne-drzewko.jpg\"><img loading=\"lazy\" decoding=\"async\" width=\"768\" height=\"1024\" data-id=\"802\" src=\"https:\/\/biblioteka.sulejow.pl\/wpmbps\/wp-content\/uploads\/2024\/10\/1.-Wlasnorecznie-wykonane-jesienne-drzewko.jpg\" alt=\"\" class=\"wp-image-802\" srcset=\"https:\/\/biblioteka.sulejow.pl\/wpmbps\/wp-content\/uploads\/2024\/10\/1.-Wlasnorecznie-wykonane-jesienne-drzewko.jpg 768w, https:\/\/biblioteka.sulejow.pl\/wpmbps\/wp-content\/uploads\/2024\/10\/1.-Wlasnorecznie-wykonane-jesienne-drzewko-225x300.jpg 225w\" sizes=\"auto, (max-width: 768px) 100vw, 768px\" \/><\/a><\/figure>\n\n\n\n<figure class=\"wp-block-image size-large\"><a href=\"https:\/\/biblioteka.sulejow.pl\/wpmbps\/wp-content\/uploads\/2024\/10\/2.-Wystawa-okolicznosciowa-omawianej-lektury.jpg\"><img loading=\"lazy\" decoding=\"async\" width=\"768\" height=\"1024\" data-id=\"800\" src=\"https:\/\/biblioteka.sulejow.pl\/wpmbps\/wp-content\/uploads\/2024\/10\/2.-Wystawa-okolicznosciowa-omawianej-lektury.jpg\" alt=\"\" class=\"wp-image-800\" srcset=\"https:\/\/biblioteka.sulejow.pl\/wpmbps\/wp-content\/uploads\/2024\/10\/2.-Wystawa-okolicznosciowa-omawianej-lektury.jpg 768w, https:\/\/biblioteka.sulejow.pl\/wpmbps\/wp-content\/uploads\/2024\/10\/2.-Wystawa-okolicznosciowa-omawianej-lektury-225x300.jpg 225w\" sizes=\"auto, (max-width: 768px) 100vw, 768px\" \/><\/a><\/figure>\n\n\n\n<figure class=\"wp-block-image size-large\"><a href=\"https:\/\/biblioteka.sulejow.pl\/wpmbps\/wp-content\/uploads\/2024\/10\/3.-Uczestniczki-spotkania-prezentuja-swoje-prace.jpg\"><img loading=\"lazy\" decoding=\"async\" width=\"1024\" height=\"741\" data-id=\"804\" src=\"https:\/\/biblioteka.sulejow.pl\/wpmbps\/wp-content\/uploads\/2024\/10\/3.-Uczestniczki-spotkania-prezentuja-swoje-prace.jpg\" alt=\"\" class=\"wp-image-804\" srcset=\"https:\/\/biblioteka.sulejow.pl\/wpmbps\/wp-content\/uploads\/2024\/10\/3.-Uczestniczki-spotkania-prezentuja-swoje-prace.jpg 1024w, https:\/\/biblioteka.sulejow.pl\/wpmbps\/wp-content\/uploads\/2024\/10\/3.-Uczestniczki-spotkania-prezentuja-swoje-prace-300x217.jpg 300w, https:\/\/biblioteka.sulejow.pl\/wpmbps\/wp-content\/uploads\/2024\/10\/3.-Uczestniczki-spotkania-prezentuja-swoje-prace-768x556.jpg 768w\" sizes=\"auto, (max-width: 1024px) 100vw, 1024px\" \/><\/a><\/figure>\n\n\n\n<figure class=\"wp-block-image size-large\"><a href=\"https:\/\/biblioteka.sulejow.pl\/wpmbps\/wp-content\/uploads\/2024\/10\/4.-Uczestniczki-spotkania-sluchaja-recenzji-ksiazki.jpg\"><img loading=\"lazy\" decoding=\"async\" width=\"942\" height=\"768\" data-id=\"801\" src=\"https:\/\/biblioteka.sulejow.pl\/wpmbps\/wp-content\/uploads\/2024\/10\/4.-Uczestniczki-spotkania-sluchaja-recenzji-ksiazki.jpg\" alt=\"\" class=\"wp-image-801\" srcset=\"https:\/\/biblioteka.sulejow.pl\/wpmbps\/wp-content\/uploads\/2024\/10\/4.-Uczestniczki-spotkania-sluchaja-recenzji-ksiazki.jpg 942w, https:\/\/biblioteka.sulejow.pl\/wpmbps\/wp-content\/uploads\/2024\/10\/4.-Uczestniczki-spotkania-sluchaja-recenzji-ksiazki-300x245.jpg 300w, https:\/\/biblioteka.sulejow.pl\/wpmbps\/wp-content\/uploads\/2024\/10\/4.-Uczestniczki-spotkania-sluchaja-recenzji-ksiazki-768x626.jpg 768w\" sizes=\"auto, (max-width: 942px) 100vw, 942px\" \/><\/a><\/figure>\n\n\n\n<figure class=\"wp-block-image size-large\"><a href=\"https:\/\/biblioteka.sulejow.pl\/wpmbps\/wp-content\/uploads\/2024\/10\/5.-Wystawa-ozdob-wykonanych-z-okazji-Dnia-Drzewa.jpg\"><img loading=\"lazy\" decoding=\"async\" width=\"1024\" height=\"599\" data-id=\"803\" src=\"https:\/\/biblioteka.sulejow.pl\/wpmbps\/wp-content\/uploads\/2024\/10\/5.-Wystawa-ozdob-wykonanych-z-okazji-Dnia-Drzewa.jpg\" alt=\"\" class=\"wp-image-803\" srcset=\"https:\/\/biblioteka.sulejow.pl\/wpmbps\/wp-content\/uploads\/2024\/10\/5.-Wystawa-ozdob-wykonanych-z-okazji-Dnia-Drzewa.jpg 1024w, https:\/\/biblioteka.sulejow.pl\/wpmbps\/wp-content\/uploads\/2024\/10\/5.-Wystawa-ozdob-wykonanych-z-okazji-Dnia-Drzewa-300x175.jpg 300w, https:\/\/biblioteka.sulejow.pl\/wpmbps\/wp-content\/uploads\/2024\/10\/5.-Wystawa-ozdob-wykonanych-z-okazji-Dnia-Drzewa-768x449.jpg 768w\" sizes=\"auto, (max-width: 1024px) 100vw, 1024px\" \/><\/a><\/figure>\n<\/figure>\n","protected":false},"excerpt":{"rendered":"<p>Na kolejnym spotkaniu sulejowskiego Dyskusyjnego Klubu Ksi\u0105\u017cki poruszono temat mi\u0142o\u015bci silniejszej ni\u017c zatruty umys\u0142 geniusza.. Kolejn\u0105 ksi\u0105\u017ck\u0105, kt\u00f3ra wzbudzi\u0142a wiele emocji w\u015br\u00f3d czytelniczek by\u0142a &#8222;Rosyjskanami\u0119tno\u015b\u0107&#8221; Reyes Monforte &#8211; powie\u015b\u0107 po cz\u0119\u015bci biograficzna, przedstawiaj\u0105ca losy \u017cony genialnego kompozytora Siergieja Prokofiewa. Przez karty powie\u015bci przewija si\u0119 szereg ciekawych, autentycznychpostaci, wielka mi\u0142o\u015b\u0107, wielki \u015bwiat, a tak\u017ce b\u00f3l i [&hellip;]<\/p>\n","protected":false},"author":1,"featured_media":0,"comment_status":"closed","ping_status":"","sticky":false,"template":"","format":"standard","meta":{"zakra_page_container_layout":"customizer","zakra_page_sidebar_layout":"customizer","zakra_remove_content_margin":false,"zakra_sidebar":"customizer","zakra_transparent_header":"customizer","zakra_logo":0,"zakra_main_header_style":"default","zakra_menu_item_color":"","zakra_menu_item_hover_color":"","zakra_menu_item_active_color":"","zakra_menu_active_style":"","zakra_page_header":true,"footnotes":"","_links_to":"","_links_to_target":""},"categories":[4],"tags":[],"class_list":["post-799","post","type-post","status-publish","format-standard","hentry","category-aktualnosci-2024"],"_links":{"self":[{"href":"https:\/\/biblioteka.sulejow.pl\/index.php?rest_route=\/wp\/v2\/posts\/799","targetHints":{"allow":["GET"]}}],"collection":[{"href":"https:\/\/biblioteka.sulejow.pl\/index.php?rest_route=\/wp\/v2\/posts"}],"about":[{"href":"https:\/\/biblioteka.sulejow.pl\/index.php?rest_route=\/wp\/v2\/types\/post"}],"author":[{"embeddable":true,"href":"https:\/\/biblioteka.sulejow.pl\/index.php?rest_route=\/wp\/v2\/users\/1"}],"replies":[{"embeddable":true,"href":"https:\/\/biblioteka.sulejow.pl\/index.php?rest_route=%2Fwp%2Fv2%2Fcomments&post=799"}],"version-history":[{"count":1,"href":"https:\/\/biblioteka.sulejow.pl\/index.php?rest_route=\/wp\/v2\/posts\/799\/revisions"}],"predecessor-version":[{"id":805,"href":"https:\/\/biblioteka.sulejow.pl\/index.php?rest_route=\/wp\/v2\/posts\/799\/revisions\/805"}],"wp:attachment":[{"href":"https:\/\/biblioteka.sulejow.pl\/index.php?rest_route=%2Fwp%2Fv2%2Fmedia&parent=799"}],"wp:term":[{"taxonomy":"category","embeddable":true,"href":"https:\/\/biblioteka.sulejow.pl\/index.php?rest_route=%2Fwp%2Fv2%2Fcategories&post=799"},{"taxonomy":"post_tag","embeddable":true,"href":"https:\/\/biblioteka.sulejow.pl\/index.php?rest_route=%2Fwp%2Fv2%2Ftags&post=799"}],"curies":[{"name":"wp","href":"https:\/\/api.w.org\/{rel}","templated":true}]}}