{"id":821,"date":"2024-10-22T19:43:02","date_gmt":"2024-10-22T19:43:02","guid":{"rendered":"https:\/\/biblioteka.sulejow.pl\/?p=821"},"modified":"2024-10-22T19:43:02","modified_gmt":"2024-10-22T19:43:02","slug":"europejski-dzien-seniora","status":"publish","type":"post","link":"https:\/\/biblioteka.sulejow.pl\/?p=821","title":{"rendered":"Europejski Dzie\u0144 Seniora"},"content":{"rendered":"\n<p>W poniedzia\u0142ek 21 pa\u017adziernika obchodzili\u015bmy Europejski Dzie\u0144 Seniora! To doskona\u0142a okazja, aby doceni\u0107 m\u0105dro\u015b\u0107, do\u015bwiadczenie i nieoceniony wk\u0142ad naszych senior\u00f3w w \u017cycie spo\u0142eczne oraz pos\u0142ucha\u0107 ich opowie\u015bci i wspomnie\u0144. Takie spotkania daj\u0105 r\u00f3wnie\u017c szans\u0119 na wzajemne dzielenie si\u0119 prze\u017cyciami i uczuciami. Swoj\u0105 tw\u00f3rczo\u015bci\u0105 podzieli\u0142a si\u0119 z przyby\u0142ymi Pani Maria Markiewicz, wybitna sulejowska pisarka oraz doskona\u0142a obserwatorka zmian zachodz\u0105cych w naszym regionie.<\/p>\n\n\n\n<p>Nasi Go\u015bcie mogli\u00a0 zapozna\u0107 si\u0119 z fragmentami interesuj\u0105cej powie\u015bci Artura Pr\u0119dskiego \u201ePost\u00f3j w Sulejowie\u201d wydanej w roku 1934. Fragmenty te, uzupe\u0142nione zestawem ilustracji\u00a0 z \u00f3wczesnych gazet i periodyk\u00f3w,\u00a0 przybli\u017cy\u0142y wszystkim przedwojenny Sulej\u00f3w i barwne \u017cycie jego mieszka\u0144c\u00f3w.\u00a0 Nie oby\u0142o si\u0119 tak\u017ce bez odniesie\u0144 do wsp\u00f3\u0142czesnych pozycji, chocia\u017cby do biografii Agnieszki Holland, kt\u00f3rej rodzina pochodzi\u0142a z Bia\u0142ej.\u00a0<\/p>\n\n\n\n<p>Oczywi\u015bcie, nie mog\u0142o zabrakn\u0105\u0107 najszczerszych \u017cycze\u0144, kt\u00f3re uczestnikom spotkania z\u0142o\u017cyli pracownicy biblioteki. Najserdeczniejsze \u017cyczenia mamy tak\u017ce dla wszystkich pozosta\u0142ych senior\u00f3w. Niech Wam si\u0119 wiedzie w zdrowiu, szcz\u0119\u015bciu i pomy\u015blno\u015bci.<\/p>\n\n\n\n<figure class=\"wp-block-gallery has-nested-images columns-default is-cropped wp-block-gallery-1 is-layout-flex wp-block-gallery-is-layout-flex\">\n<figure class=\"wp-block-image size-large\"><a href=\"https:\/\/biblioteka.sulejow.pl\/wpmbps\/wp-content\/uploads\/2024\/10\/ds1.jpg\"><img loading=\"lazy\" decoding=\"async\" width=\"1024\" height=\"672\" data-id=\"816\" src=\"https:\/\/biblioteka.sulejow.pl\/wpmbps\/wp-content\/uploads\/2024\/10\/ds1.jpg\" alt=\"Na zdj\u0119ciu znajduje si\u0119 grupa starszych os\u00f3b, g\u0142\u00f3wnie kobiet, kt\u00f3re siedz\u0105 przy d\u0142ugim stole podczas spotkania. Na stole znajduj\u0105 si\u0119 fili\u017canki z herbat\u0105 lub kaw\u0105 oraz talerze z ciastkami. W tle widoczny jest projektor, na kt\u00f3rym wy\u015bwietlany jest napis \u201eDzie\u0144 Seniora\u201d z grafik\u0105 przedstawiaj\u0105c\u0105 kwiaty, prawdopodobnie maki, oraz zdj\u0119cie dw\u00f3ch starszych os\u00f3b. Uczestnicy s\u0105 ubrani w swobodne, codzienne stroje i wygl\u0105daj\u0105 na zrelaksowanych, rozmawiaj\u0105 ze sob\u0105. Pomieszczenie wydaje si\u0119 by\u0107 jasne, z drewnianymi szafkami po jednej stronie. Atmosfera spotkania wydaje si\u0119 przyjazna i kameralna\" class=\"wp-image-816\" srcset=\"https:\/\/biblioteka.sulejow.pl\/wpmbps\/wp-content\/uploads\/2024\/10\/ds1.jpg 1024w, https:\/\/biblioteka.sulejow.pl\/wpmbps\/wp-content\/uploads\/2024\/10\/ds1-300x197.jpg 300w, https:\/\/biblioteka.sulejow.pl\/wpmbps\/wp-content\/uploads\/2024\/10\/ds1-768x504.jpg 768w\" sizes=\"auto, (max-width: 1024px) 100vw, 1024px\" \/><\/a><\/figure>\n\n\n\n<figure class=\"wp-block-image size-large\"><a href=\"https:\/\/biblioteka.sulejow.pl\/wpmbps\/wp-content\/uploads\/2024\/10\/ds2.jpg\"><img loading=\"lazy\" decoding=\"async\" width=\"1024\" height=\"651\" data-id=\"817\" src=\"https:\/\/biblioteka.sulejow.pl\/wpmbps\/wp-content\/uploads\/2024\/10\/ds2.jpg\" alt=\"Na zdj\u0119ciu wida\u0107 kilka kobiet siedz\u0105cych przy stole podczas spotkania w bibliotece. Na stole znajduj\u0105 si\u0119 fili\u017canki z herbat\u0105, talerze z ciasteczkami oraz kawa\u0142kami ciasta. Od lewej strony, pierwsza kobieta ma kr\u00f3tkie ciemne w\u0142osy, nosi niebieski sweter i okulary, patrzy w d\u00f3\u0142, opieraj\u0105c g\u0142ow\u0119 na d\u0142oni. Obok niej siedzi kobieta z jasnymi, kr\u00f3tkimi w\u0142osami, ubrana w szar\u0105 sukienk\u0119 z jasnoniebieskim szalikiem. Trzecia kobieta trzyma otwart\u0105 czarn\u0105 teczk\u0119 i czyta swoje wiersze. Ostatnia kobieta po prawej, r\u00f3wnie\u017c z siwymi w\u0142osami, ubrana w niebiesk\u0105 koszul\u0119 z geometrycznym wzorem. Spotkanie odbywa si\u0119 w przytulnej atmosferze, a kobiety wydaj\u0105 si\u0119 by\u0107 zaanga\u017cowane w r\u00f3\u017cne czynno\u015bci, takie jak rozmowa, jedzenie i czytanie.\" class=\"wp-image-817\" srcset=\"https:\/\/biblioteka.sulejow.pl\/wpmbps\/wp-content\/uploads\/2024\/10\/ds2.jpg 1024w, https:\/\/biblioteka.sulejow.pl\/wpmbps\/wp-content\/uploads\/2024\/10\/ds2-300x191.jpg 300w, https:\/\/biblioteka.sulejow.pl\/wpmbps\/wp-content\/uploads\/2024\/10\/ds2-768x488.jpg 768w\" sizes=\"auto, (max-width: 1024px) 100vw, 1024px\" \/><\/a><\/figure>\n\n\n\n<figure class=\"wp-block-image size-large\"><a href=\"https:\/\/biblioteka.sulejow.pl\/wpmbps\/wp-content\/uploads\/2024\/10\/ds3.jpg\"><img loading=\"lazy\" decoding=\"async\" width=\"768\" height=\"914\" data-id=\"815\" src=\"https:\/\/biblioteka.sulejow.pl\/wpmbps\/wp-content\/uploads\/2024\/10\/ds3.jpg\" alt=\"Na zdj\u0119ciu wida\u0107 m\u0119\u017cczyzn\u0119 ubranego w ciemny garnitur, kt\u00f3ry stoi przed uczestnikami spotkania i opowiada im o ksi\u0105\u017cce pt. \u201ePost\u00f3j w Sulejowie\u201d. Strona tytu\u0142owa ksi\u0105\u017cki wy\u015bwietlana jest na ekranie stoj\u0105cym obok m\u0119\u017cczyzny. Z ty\u0142u stoi no\u015bnik reklamowy Miejskiej Biblioteki publicznej w Sulejowie\" class=\"wp-image-815\" srcset=\"https:\/\/biblioteka.sulejow.pl\/wpmbps\/wp-content\/uploads\/2024\/10\/ds3.jpg 768w, https:\/\/biblioteka.sulejow.pl\/wpmbps\/wp-content\/uploads\/2024\/10\/ds3-252x300.jpg 252w\" sizes=\"auto, (max-width: 768px) 100vw, 768px\" \/><\/a><\/figure>\n<\/figure>\n","protected":false},"excerpt":{"rendered":"<p>W poniedzia\u0142ek 21 pa\u017adziernika obchodzili\u015bmy Europejski Dzie\u0144 Seniora! To doskona\u0142a okazja, aby doceni\u0107 m\u0105dro\u015b\u0107, do\u015bwiadczenie i nieoceniony wk\u0142ad naszych senior\u00f3w w \u017cycie spo\u0142eczne oraz pos\u0142ucha\u0107 ich opowie\u015bci i wspomnie\u0144. Takie spotkania daj\u0105 r\u00f3wnie\u017c szans\u0119 na wzajemne dzielenie si\u0119 prze\u017cyciami i uczuciami. Swoj\u0105 tw\u00f3rczo\u015bci\u0105 podzieli\u0142a si\u0119 z przyby\u0142ymi Pani Maria Markiewicz, wybitna sulejowska pisarka oraz doskona\u0142a [&hellip;]<\/p>\n","protected":false},"author":1,"featured_media":0,"comment_status":"closed","ping_status":"","sticky":false,"template":"","format":"standard","meta":{"zakra_page_container_layout":"customizer","zakra_page_sidebar_layout":"customizer","zakra_remove_content_margin":false,"zakra_sidebar":"customizer","zakra_transparent_header":"customizer","zakra_logo":0,"zakra_main_header_style":"default","zakra_menu_item_color":"","zakra_menu_item_hover_color":"","zakra_menu_item_active_color":"","zakra_menu_active_style":"","zakra_page_header":true,"footnotes":"","_links_to":"","_links_to_target":""},"categories":[4],"tags":[],"class_list":["post-821","post","type-post","status-publish","format-standard","hentry","category-aktualnosci-2024"],"_links":{"self":[{"href":"https:\/\/biblioteka.sulejow.pl\/index.php?rest_route=\/wp\/v2\/posts\/821","targetHints":{"allow":["GET"]}}],"collection":[{"href":"https:\/\/biblioteka.sulejow.pl\/index.php?rest_route=\/wp\/v2\/posts"}],"about":[{"href":"https:\/\/biblioteka.sulejow.pl\/index.php?rest_route=\/wp\/v2\/types\/post"}],"author":[{"embeddable":true,"href":"https:\/\/biblioteka.sulejow.pl\/index.php?rest_route=\/wp\/v2\/users\/1"}],"replies":[{"embeddable":true,"href":"https:\/\/biblioteka.sulejow.pl\/index.php?rest_route=%2Fwp%2Fv2%2Fcomments&post=821"}],"version-history":[{"count":1,"href":"https:\/\/biblioteka.sulejow.pl\/index.php?rest_route=\/wp\/v2\/posts\/821\/revisions"}],"predecessor-version":[{"id":822,"href":"https:\/\/biblioteka.sulejow.pl\/index.php?rest_route=\/wp\/v2\/posts\/821\/revisions\/822"}],"wp:attachment":[{"href":"https:\/\/biblioteka.sulejow.pl\/index.php?rest_route=%2Fwp%2Fv2%2Fmedia&parent=821"}],"wp:term":[{"taxonomy":"category","embeddable":true,"href":"https:\/\/biblioteka.sulejow.pl\/index.php?rest_route=%2Fwp%2Fv2%2Fcategories&post=821"},{"taxonomy":"post_tag","embeddable":true,"href":"https:\/\/biblioteka.sulejow.pl\/index.php?rest_route=%2Fwp%2Fv2%2Ftags&post=821"}],"curies":[{"name":"wp","href":"https:\/\/api.w.org\/{rel}","templated":true}]}}