{"id":829,"date":"2024-10-30T20:20:47","date_gmt":"2024-10-30T20:20:47","guid":{"rendered":"https:\/\/biblioteka.sulejow.pl\/?p=829"},"modified":"2024-10-30T20:20:47","modified_gmt":"2024-10-30T20:20:47","slug":"sulejowskie-legendy","status":"publish","type":"post","link":"https:\/\/biblioteka.sulejow.pl\/?p=829","title":{"rendered":"Sulejowskie Legendy"},"content":{"rendered":"\n<p>W Miejskiej Bibliotece Publicznej w Sulejowie go\u015bcili\u015bmy uczni\u00f3w z Zespo\u0142u Szkolno\u2013Przedszkolnego w Uszczynie. M\u0142odzie\u017c najpierw zwiedzi\u0142a nasz\u0105 ksi\u0105\u017cnic\u0119, a nast\u0119pnie uczestniczy\u0142a w zaj\u0119ciach, kt\u00f3rych zadaniem by\u0142o po\u0142\u0105czy\u0107\u00a0 poznawanie historii naszej ma\u0142ej ojczyzny z literatur\u0105. Postanowili\u015bmy wykorzysta\u0107 w tym celu histori\u0119 powsta\u0142ych w ko\u0144cu XII wieku klasztor\u00f3w w Sulejowie oraz w Witowie, kt\u00f3re przed wiekami ostro rywalizowa\u0142y ze sob\u0105, a nawet prowadzi\u0142y liczne procesy s\u0105dowe.\u00a0 Bardzo pomocne okaza\u0142y si\u0119 tu dawne legendy o utworzeniu sulejowskiego klasztoru cysters\u00f3w przez ksi\u0119cia Kazimierza Sprawiedliwego oraz legend\u0119 o tzw. panie\u0144skim dole znajduj\u0105cym si\u0119 nieopodal Witowa.\u00a0 Okaza\u0142o si\u0119, \u017ce opowie\u015b\u0107 o pannach oddanych na s\u0142u\u017cb\u0119 Panu Bogu, a kt\u00f3re zamieszkiwa\u0142y klasztor w Witowie,\u00a0 znana by\u0142a niekt\u00f3rym dzieciom. Jeden z ch\u0142opc\u00f3w opowiedzia\u0142 nawet, jak trafi\u0107 na miejsce legendarnych wydarze\u0144 sprzed o\u015bmiu wiek\u00f3w.\u00a0\u00a0<\/p>\n\n\n\n<p>P\u00f3\u017aniej przenie\u015bli\u015bmy si\u0119 do czas\u00f3w niemal wsp\u00f3\u0142czesnych. Dzieci zapozna\u0142y si\u0119 z legend\u0105 \u201eStrach u Nowinnej Drogi\u201d, opowiadaj\u0105c\u0105 histori\u0119 trzech sulejowskich strach\u00f3w, kt\u00f3re kiedy\u015b same by\u0142y lud\u017ami. Wszyscy, skrzywdzeni przez los, wzgardzeni za \u017cycia przez innych, postanowili po swojej \u015bmierci pozosta\u0107 w\u015br\u00f3d ludzi, s\u0142u\u017c\u0105c im w\u0142asn\u0105 pomoc\u0105.\u00a0\u00a0\u00a0\u00a0<\/p>\n\n\n\n<p>Na koniec dzieci przygotowa\u0142y\u00a0 kukie\u0142ki przypominaj\u0105ce strachy z us\u0142yszanej legendy. Pomocne przy tym by\u0142y obrazy namalowane przez jedn\u0105 z ilustratorek ksi\u0105\u017ceczki \u201eLegendy z dawnego Sulejowa\u201d, Pani\u0105 Katarzyn\u0119 Jagodzi\u0144sk\u0105.<\/p>\n\n\n\n<figure class=\"wp-block-gallery has-nested-images columns-default is-cropped wp-block-gallery-1 is-layout-flex wp-block-gallery-is-layout-flex\">\n<figure class=\"wp-block-image size-large\"><a href=\"https:\/\/biblioteka.sulejow.pl\/wpmbps\/wp-content\/uploads\/2024\/10\/2.-Dziewczynka-ubrana-w-rozowa-bluze-czyta-fragment-legedy-o-tatarskim-najezdzie.jpg\"><img loading=\"lazy\" decoding=\"async\" width=\"1024\" height=\"768\" data-id=\"830\" src=\"https:\/\/biblioteka.sulejow.pl\/wpmbps\/wp-content\/uploads\/2024\/10\/2.-Dziewczynka-ubrana-w-rozowa-bluze-czyta-fragment-legedy-o-tatarskim-najezdzie.jpg\" alt=\"\" class=\"wp-image-830\" srcset=\"https:\/\/biblioteka.sulejow.pl\/wpmbps\/wp-content\/uploads\/2024\/10\/2.-Dziewczynka-ubrana-w-rozowa-bluze-czyta-fragment-legedy-o-tatarskim-najezdzie.jpg 1024w, https:\/\/biblioteka.sulejow.pl\/wpmbps\/wp-content\/uploads\/2024\/10\/2.-Dziewczynka-ubrana-w-rozowa-bluze-czyta-fragment-legedy-o-tatarskim-najezdzie-300x225.jpg 300w, https:\/\/biblioteka.sulejow.pl\/wpmbps\/wp-content\/uploads\/2024\/10\/2.-Dziewczynka-ubrana-w-rozowa-bluze-czyta-fragment-legedy-o-tatarskim-najezdzie-768x576.jpg 768w\" sizes=\"auto, (max-width: 1024px) 100vw, 1024px\" \/><\/a><\/figure>\n\n\n\n<figure class=\"wp-block-image size-large\"><a href=\"https:\/\/biblioteka.sulejow.pl\/wpmbps\/wp-content\/uploads\/2024\/10\/3.-Uczestnicy-spotkania-prezentuja-wlasnorecznie-wykonane-kukly-wzorowane-na-bohaterach-legend.jpg\"><img loading=\"lazy\" decoding=\"async\" width=\"967\" height=\"768\" data-id=\"832\" src=\"https:\/\/biblioteka.sulejow.pl\/wpmbps\/wp-content\/uploads\/2024\/10\/3.-Uczestnicy-spotkania-prezentuja-wlasnorecznie-wykonane-kukly-wzorowane-na-bohaterach-legend.jpg\" alt=\"\" class=\"wp-image-832\" srcset=\"https:\/\/biblioteka.sulejow.pl\/wpmbps\/wp-content\/uploads\/2024\/10\/3.-Uczestnicy-spotkania-prezentuja-wlasnorecznie-wykonane-kukly-wzorowane-na-bohaterach-legend.jpg 967w, https:\/\/biblioteka.sulejow.pl\/wpmbps\/wp-content\/uploads\/2024\/10\/3.-Uczestnicy-spotkania-prezentuja-wlasnorecznie-wykonane-kukly-wzorowane-na-bohaterach-legend-300x238.jpg 300w, https:\/\/biblioteka.sulejow.pl\/wpmbps\/wp-content\/uploads\/2024\/10\/3.-Uczestnicy-spotkania-prezentuja-wlasnorecznie-wykonane-kukly-wzorowane-na-bohaterach-legend-768x610.jpg 768w\" sizes=\"auto, (max-width: 967px) 100vw, 967px\" \/><\/a><\/figure>\n\n\n\n<figure class=\"wp-block-image size-large\"><a href=\"https:\/\/biblioteka.sulejow.pl\/wpmbps\/wp-content\/uploads\/2024\/10\/1.-Mezczyzna-ubrany-w-stroj-cystersa-opowiada-dzieciom-siedzacym-przy-stole-legendy-zwiaane-ze-Sulejowem.-Obok-niego-na-ekranie-wyswietlana-jest-ilustracja-dwoch-lwow.jpg\"><img loading=\"lazy\" decoding=\"async\" width=\"1024\" height=\"768\" data-id=\"831\" src=\"https:\/\/biblioteka.sulejow.pl\/wpmbps\/wp-content\/uploads\/2024\/10\/1.-Mezczyzna-ubrany-w-stroj-cystersa-opowiada-dzieciom-siedzacym-przy-stole-legendy-zwiaane-ze-Sulejowem.-Obok-niego-na-ekranie-wyswietlana-jest-ilustracja-dwoch-lwow.jpg\" alt=\"\" class=\"wp-image-831\" srcset=\"https:\/\/biblioteka.sulejow.pl\/wpmbps\/wp-content\/uploads\/2024\/10\/1.-Mezczyzna-ubrany-w-stroj-cystersa-opowiada-dzieciom-siedzacym-przy-stole-legendy-zwiaane-ze-Sulejowem.-Obok-niego-na-ekranie-wyswietlana-jest-ilustracja-dwoch-lwow.jpg 1024w, https:\/\/biblioteka.sulejow.pl\/wpmbps\/wp-content\/uploads\/2024\/10\/1.-Mezczyzna-ubrany-w-stroj-cystersa-opowiada-dzieciom-siedzacym-przy-stole-legendy-zwiaane-ze-Sulejowem.-Obok-niego-na-ekranie-wyswietlana-jest-ilustracja-dwoch-lwow-300x225.jpg 300w, https:\/\/biblioteka.sulejow.pl\/wpmbps\/wp-content\/uploads\/2024\/10\/1.-Mezczyzna-ubrany-w-stroj-cystersa-opowiada-dzieciom-siedzacym-przy-stole-legendy-zwiaane-ze-Sulejowem.-Obok-niego-na-ekranie-wyswietlana-jest-ilustracja-dwoch-lwow-768x576.jpg 768w\" sizes=\"auto, (max-width: 1024px) 100vw, 1024px\" \/><\/a><\/figure>\n<\/figure>\n","protected":false},"excerpt":{"rendered":"<p>W Miejskiej Bibliotece Publicznej w Sulejowie go\u015bcili\u015bmy uczni\u00f3w z Zespo\u0142u Szkolno\u2013Przedszkolnego w Uszczynie. M\u0142odzie\u017c najpierw zwiedzi\u0142a nasz\u0105 ksi\u0105\u017cnic\u0119, a nast\u0119pnie uczestniczy\u0142a w zaj\u0119ciach, kt\u00f3rych zadaniem by\u0142o po\u0142\u0105czy\u0107\u00a0 poznawanie historii naszej ma\u0142ej ojczyzny z literatur\u0105. Postanowili\u015bmy wykorzysta\u0107 w tym celu histori\u0119 powsta\u0142ych w ko\u0144cu XII wieku klasztor\u00f3w w Sulejowie oraz w Witowie, kt\u00f3re przed wiekami ostro [&hellip;]<\/p>\n","protected":false},"author":1,"featured_media":0,"comment_status":"closed","ping_status":"","sticky":false,"template":"","format":"standard","meta":{"zakra_page_container_layout":"customizer","zakra_page_sidebar_layout":"customizer","zakra_remove_content_margin":false,"zakra_sidebar":"customizer","zakra_transparent_header":"customizer","zakra_logo":0,"zakra_main_header_style":"default","zakra_menu_item_color":"","zakra_menu_item_hover_color":"","zakra_menu_item_active_color":"","zakra_menu_active_style":"","zakra_page_header":true,"footnotes":"","_links_to":"","_links_to_target":""},"categories":[4],"tags":[],"class_list":["post-829","post","type-post","status-publish","format-standard","hentry","category-aktualnosci-2024"],"_links":{"self":[{"href":"https:\/\/biblioteka.sulejow.pl\/index.php?rest_route=\/wp\/v2\/posts\/829","targetHints":{"allow":["GET"]}}],"collection":[{"href":"https:\/\/biblioteka.sulejow.pl\/index.php?rest_route=\/wp\/v2\/posts"}],"about":[{"href":"https:\/\/biblioteka.sulejow.pl\/index.php?rest_route=\/wp\/v2\/types\/post"}],"author":[{"embeddable":true,"href":"https:\/\/biblioteka.sulejow.pl\/index.php?rest_route=\/wp\/v2\/users\/1"}],"replies":[{"embeddable":true,"href":"https:\/\/biblioteka.sulejow.pl\/index.php?rest_route=%2Fwp%2Fv2%2Fcomments&post=829"}],"version-history":[{"count":1,"href":"https:\/\/biblioteka.sulejow.pl\/index.php?rest_route=\/wp\/v2\/posts\/829\/revisions"}],"predecessor-version":[{"id":833,"href":"https:\/\/biblioteka.sulejow.pl\/index.php?rest_route=\/wp\/v2\/posts\/829\/revisions\/833"}],"wp:attachment":[{"href":"https:\/\/biblioteka.sulejow.pl\/index.php?rest_route=%2Fwp%2Fv2%2Fmedia&parent=829"}],"wp:term":[{"taxonomy":"category","embeddable":true,"href":"https:\/\/biblioteka.sulejow.pl\/index.php?rest_route=%2Fwp%2Fv2%2Fcategories&post=829"},{"taxonomy":"post_tag","embeddable":true,"href":"https:\/\/biblioteka.sulejow.pl\/index.php?rest_route=%2Fwp%2Fv2%2Ftags&post=829"}],"curies":[{"name":"wp","href":"https:\/\/api.w.org\/{rel}","templated":true}]}}