{"id":837,"date":"2024-10-31T20:18:52","date_gmt":"2024-10-31T20:18:52","guid":{"rendered":"https:\/\/biblioteka.sulejow.pl\/?p=837"},"modified":"2024-10-31T20:18:52","modified_gmt":"2024-10-31T20:18:52","slug":"glosne-czytanie-wiersza-jana-brzechwy-pt-zoo","status":"publish","type":"post","link":"https:\/\/biblioteka.sulejow.pl\/?p=837","title":{"rendered":"G\u0142o\u015bne czytanie wiersza Jana Brzechwy pt. \u201eZoo\u201d"},"content":{"rendered":"\n<p>W miniony czwartek, tj. 24 pa\u017adziernika, po po\u0142udniu, w Filii Bibliotecznej w Uszczynie, odby\u0142o si\u0119 wyj\u0105tkowe spotkanie dla dzieci w wieku 6-9 lat. Pod okiem wychowawcy \u015bwietlicy, mali uczestnicy wzi\u0119li udzia\u0142 w g\u0142o\u015bnym czytaniu wiersza Jana Brzechwy pt. \u201eZoo\u201d, kt\u00f3ry zabra\u0142 ich w \u015bwiat niezwyk\u0142ych zwierz\u0105t. Bibliotekarz, zapozna\u0142 dzieci z sylwetk\u0105 Jana Brzechwy, a nast\u0119pnie wprowadzi\u0142 dzieci w magiczny \u015bwiat poezji, zach\u0119caj\u0105c do aktywnego udzia\u0142u w zaj\u0119ciach.<\/p>\n\n\n\n<p>Po czytaniu dzieci wzi\u0119\u0142y udzia\u0142 w zabawach edukacyjnych, kt\u00f3re rozweseli\u0142y je i jednocze\u015bnie wzbogaci\u0142y o nowe wiadomo\u015bci o zwierz\u0119tach. Spotkanie by\u0142o \u015bwietn\u0105 okazj\u0105 do po\u0142\u0105czenia nauki z zabaw\u0105, a wszyscy \u015bwietnie si\u0119 bawili!<\/p>\n\n\n\n<figure class=\"wp-block-gallery has-nested-images columns-default is-cropped wp-block-gallery-1 is-layout-flex wp-block-gallery-is-layout-flex\">\n<figure class=\"wp-block-image size-large\"><a href=\"https:\/\/biblioteka.sulejow.pl\/wpmbps\/wp-content\/uploads\/2024\/10\/Na-polkach-regalu-wystawka-ksiazek-oraz-portret-Jana-Brzechwy.jpg\"><img loading=\"lazy\" decoding=\"async\" width=\"1024\" height=\"768\" data-id=\"840\" src=\"https:\/\/biblioteka.sulejow.pl\/wpmbps\/wp-content\/uploads\/2024\/10\/Na-polkach-regalu-wystawka-ksiazek-oraz-portret-Jana-Brzechwy.jpg\" alt=\"\" class=\"wp-image-840\" srcset=\"https:\/\/biblioteka.sulejow.pl\/wpmbps\/wp-content\/uploads\/2024\/10\/Na-polkach-regalu-wystawka-ksiazek-oraz-portret-Jana-Brzechwy.jpg 1024w, https:\/\/biblioteka.sulejow.pl\/wpmbps\/wp-content\/uploads\/2024\/10\/Na-polkach-regalu-wystawka-ksiazek-oraz-portret-Jana-Brzechwy-300x225.jpg 300w, https:\/\/biblioteka.sulejow.pl\/wpmbps\/wp-content\/uploads\/2024\/10\/Na-polkach-regalu-wystawka-ksiazek-oraz-portret-Jana-Brzechwy-768x576.jpg 768w\" sizes=\"auto, (max-width: 1024px) 100vw, 1024px\" \/><\/a><\/figure>\n\n\n\n<figure class=\"wp-block-image size-large\"><a href=\"https:\/\/biblioteka.sulejow.pl\/wpmbps\/wp-content\/uploads\/2024\/10\/Chlopcy-i-dziewczynki-siedza-na-dywanie-i-wsrod-karteczek-z-roznymi-sladami-szukaja-sladow-zwierzat.jpg\"><img loading=\"lazy\" decoding=\"async\" width=\"768\" height=\"1024\" data-id=\"843\" src=\"https:\/\/biblioteka.sulejow.pl\/wpmbps\/wp-content\/uploads\/2024\/10\/Chlopcy-i-dziewczynki-siedza-na-dywanie-i-wsrod-karteczek-z-roznymi-sladami-szukaja-sladow-zwierzat.jpg\" alt=\"\" class=\"wp-image-843\" srcset=\"https:\/\/biblioteka.sulejow.pl\/wpmbps\/wp-content\/uploads\/2024\/10\/Chlopcy-i-dziewczynki-siedza-na-dywanie-i-wsrod-karteczek-z-roznymi-sladami-szukaja-sladow-zwierzat.jpg 768w, https:\/\/biblioteka.sulejow.pl\/wpmbps\/wp-content\/uploads\/2024\/10\/Chlopcy-i-dziewczynki-siedza-na-dywanie-i-wsrod-karteczek-z-roznymi-sladami-szukaja-sladow-zwierzat-225x300.jpg 225w\" sizes=\"auto, (max-width: 768px) 100vw, 768px\" \/><\/a><\/figure>\n\n\n\n<figure class=\"wp-block-image size-large\"><a href=\"https:\/\/biblioteka.sulejow.pl\/wpmbps\/wp-content\/uploads\/2024\/10\/Dzieci-siedza-na-dywanie-i-biora-udzial-w-dyskusji.jpg\"><img loading=\"lazy\" decoding=\"async\" width=\"768\" height=\"789\" data-id=\"838\" src=\"https:\/\/biblioteka.sulejow.pl\/wpmbps\/wp-content\/uploads\/2024\/10\/Dzieci-siedza-na-dywanie-i-biora-udzial-w-dyskusji.jpg\" alt=\"\" class=\"wp-image-838\" srcset=\"https:\/\/biblioteka.sulejow.pl\/wpmbps\/wp-content\/uploads\/2024\/10\/Dzieci-siedza-na-dywanie-i-biora-udzial-w-dyskusji.jpg 768w, https:\/\/biblioteka.sulejow.pl\/wpmbps\/wp-content\/uploads\/2024\/10\/Dzieci-siedza-na-dywanie-i-biora-udzial-w-dyskusji-292x300.jpg 292w\" sizes=\"auto, (max-width: 768px) 100vw, 768px\" \/><\/a><\/figure>\n\n\n\n<figure class=\"wp-block-image size-large\"><a href=\"https:\/\/biblioteka.sulejow.pl\/wpmbps\/wp-content\/uploads\/2024\/10\/Dzieci-siedzac-na-dywanie-rozwiazuja-zadanie.jpg\"><img loading=\"lazy\" decoding=\"async\" width=\"1024\" height=\"763\" data-id=\"841\" src=\"https:\/\/biblioteka.sulejow.pl\/wpmbps\/wp-content\/uploads\/2024\/10\/Dzieci-siedzac-na-dywanie-rozwiazuja-zadanie.jpg\" alt=\"\" class=\"wp-image-841\" srcset=\"https:\/\/biblioteka.sulejow.pl\/wpmbps\/wp-content\/uploads\/2024\/10\/Dzieci-siedzac-na-dywanie-rozwiazuja-zadanie.jpg 1024w, https:\/\/biblioteka.sulejow.pl\/wpmbps\/wp-content\/uploads\/2024\/10\/Dzieci-siedzac-na-dywanie-rozwiazuja-zadanie-300x224.jpg 300w, https:\/\/biblioteka.sulejow.pl\/wpmbps\/wp-content\/uploads\/2024\/10\/Dzieci-siedzac-na-dywanie-rozwiazuja-zadanie-768x572.jpg 768w\" sizes=\"auto, (max-width: 1024px) 100vw, 1024px\" \/><\/a><\/figure>\n\n\n\n<figure class=\"wp-block-image size-large\"><a href=\"https:\/\/biblioteka.sulejow.pl\/wpmbps\/wp-content\/uploads\/2024\/10\/Dzieci-sluchaja-czytanych-wierszykow-Jana-Brzechwy-o-zwierzetach.jpg\"><img loading=\"lazy\" decoding=\"async\" width=\"1024\" height=\"768\" data-id=\"842\" src=\"https:\/\/biblioteka.sulejow.pl\/wpmbps\/wp-content\/uploads\/2024\/10\/Dzieci-sluchaja-czytanych-wierszykow-Jana-Brzechwy-o-zwierzetach.jpg\" alt=\"\" class=\"wp-image-842\" srcset=\"https:\/\/biblioteka.sulejow.pl\/wpmbps\/wp-content\/uploads\/2024\/10\/Dzieci-sluchaja-czytanych-wierszykow-Jana-Brzechwy-o-zwierzetach.jpg 1024w, https:\/\/biblioteka.sulejow.pl\/wpmbps\/wp-content\/uploads\/2024\/10\/Dzieci-sluchaja-czytanych-wierszykow-Jana-Brzechwy-o-zwierzetach-300x225.jpg 300w, https:\/\/biblioteka.sulejow.pl\/wpmbps\/wp-content\/uploads\/2024\/10\/Dzieci-sluchaja-czytanych-wierszykow-Jana-Brzechwy-o-zwierzetach-768x576.jpg 768w\" sizes=\"auto, (max-width: 1024px) 100vw, 1024px\" \/><\/a><\/figure>\n\n\n\n<figure class=\"wp-block-image size-large\"><a href=\"https:\/\/biblioteka.sulejow.pl\/wpmbps\/wp-content\/uploads\/2024\/10\/Dziewczynki-pomagaja-bibliotekarzowi-w-czytaniu-wiersza.jpg\"><img loading=\"lazy\" decoding=\"async\" width=\"768\" height=\"926\" data-id=\"839\" src=\"https:\/\/biblioteka.sulejow.pl\/wpmbps\/wp-content\/uploads\/2024\/10\/Dziewczynki-pomagaja-bibliotekarzowi-w-czytaniu-wiersza.jpg\" alt=\"\" class=\"wp-image-839\" srcset=\"https:\/\/biblioteka.sulejow.pl\/wpmbps\/wp-content\/uploads\/2024\/10\/Dziewczynki-pomagaja-bibliotekarzowi-w-czytaniu-wiersza.jpg 768w, https:\/\/biblioteka.sulejow.pl\/wpmbps\/wp-content\/uploads\/2024\/10\/Dziewczynki-pomagaja-bibliotekarzowi-w-czytaniu-wiersza-249x300.jpg 249w\" sizes=\"auto, (max-width: 768px) 100vw, 768px\" \/><\/a><\/figure>\n<\/figure>\n","protected":false},"excerpt":{"rendered":"<p>W miniony czwartek, tj. 24 pa\u017adziernika, po po\u0142udniu, w Filii Bibliotecznej w Uszczynie, odby\u0142o si\u0119 wyj\u0105tkowe spotkanie dla dzieci w wieku 6-9 lat. Pod okiem wychowawcy \u015bwietlicy, mali uczestnicy wzi\u0119li udzia\u0142 w g\u0142o\u015bnym czytaniu wiersza Jana Brzechwy pt. \u201eZoo\u201d, kt\u00f3ry zabra\u0142 ich w \u015bwiat niezwyk\u0142ych zwierz\u0105t. Bibliotekarz, zapozna\u0142 dzieci z sylwetk\u0105 Jana Brzechwy, a nast\u0119pnie [&hellip;]<\/p>\n","protected":false},"author":1,"featured_media":0,"comment_status":"closed","ping_status":"","sticky":false,"template":"","format":"standard","meta":{"zakra_page_container_layout":"customizer","zakra_page_sidebar_layout":"customizer","zakra_remove_content_margin":false,"zakra_sidebar":"customizer","zakra_transparent_header":"customizer","zakra_logo":0,"zakra_main_header_style":"default","zakra_menu_item_color":"","zakra_menu_item_hover_color":"","zakra_menu_item_active_color":"","zakra_menu_active_style":"","zakra_page_header":true,"footnotes":"","_links_to":"","_links_to_target":""},"categories":[4],"tags":[],"class_list":["post-837","post","type-post","status-publish","format-standard","hentry","category-aktualnosci-2024"],"_links":{"self":[{"href":"https:\/\/biblioteka.sulejow.pl\/index.php?rest_route=\/wp\/v2\/posts\/837","targetHints":{"allow":["GET"]}}],"collection":[{"href":"https:\/\/biblioteka.sulejow.pl\/index.php?rest_route=\/wp\/v2\/posts"}],"about":[{"href":"https:\/\/biblioteka.sulejow.pl\/index.php?rest_route=\/wp\/v2\/types\/post"}],"author":[{"embeddable":true,"href":"https:\/\/biblioteka.sulejow.pl\/index.php?rest_route=\/wp\/v2\/users\/1"}],"replies":[{"embeddable":true,"href":"https:\/\/biblioteka.sulejow.pl\/index.php?rest_route=%2Fwp%2Fv2%2Fcomments&post=837"}],"version-history":[{"count":1,"href":"https:\/\/biblioteka.sulejow.pl\/index.php?rest_route=\/wp\/v2\/posts\/837\/revisions"}],"predecessor-version":[{"id":844,"href":"https:\/\/biblioteka.sulejow.pl\/index.php?rest_route=\/wp\/v2\/posts\/837\/revisions\/844"}],"wp:attachment":[{"href":"https:\/\/biblioteka.sulejow.pl\/index.php?rest_route=%2Fwp%2Fv2%2Fmedia&parent=837"}],"wp:term":[{"taxonomy":"category","embeddable":true,"href":"https:\/\/biblioteka.sulejow.pl\/index.php?rest_route=%2Fwp%2Fv2%2Fcategories&post=837"},{"taxonomy":"post_tag","embeddable":true,"href":"https:\/\/biblioteka.sulejow.pl\/index.php?rest_route=%2Fwp%2Fv2%2Ftags&post=837"}],"curies":[{"name":"wp","href":"https:\/\/api.w.org\/{rel}","templated":true}]}}