{"id":864,"date":"2024-11-07T18:30:03","date_gmt":"2024-11-07T18:30:03","guid":{"rendered":"https:\/\/biblioteka.sulejow.pl\/?p=864"},"modified":"2024-11-07T18:30:03","modified_gmt":"2024-11-07T18:30:03","slug":"swiatowy-dzien-postaci-z-bajek","status":"publish","type":"post","link":"https:\/\/biblioteka.sulejow.pl\/?p=864","title":{"rendered":"\u015awiatowy Dzie\u0144 Postaci z Bajek"},"content":{"rendered":"\n<p>W dniu \u00a05 listopada \u00a0razem z uczniami ze Szko\u0142y Podstawowej nr 1 w Sulejowie \u015bwi\u0119towali\u015bmy Dzie\u0144 Postaci z Bajek. To bardzo magiczny dzie\u0144 dedykowany zar\u00f3wno dzieciom, jak i doros\u0142ym, kt\u00f3rzy uwielbiaj\u0105 bajki i chc\u0105 przypomnie\u0107 sobie ulubione historie z dzieci\u0144stwa. Data nie jest przypadkowa \u2013 zosta\u0142a wybrana na pami\u0105tk\u0119 urodzin jednego z najs\u0142ynniejszych tw\u00f3rc\u00f3w bajek, Walta Disneya, kt\u00f3ry urodzi\u0142 si\u0119 5 grudnia 1901 roku. Mimo \u017ce sama data urodzin Disneya r\u00f3\u017cni si\u0119 o miesi\u0105c, to 5 listopada przyj\u0119\u0142o si\u0119 jako dzie\u0144 symbolicznego celebrowania wszystkich postaci z bajek, nie tylko tych stworzonych przez Disneya.<\/p>\n\n\n\n<p>Spotkanie rozpocz\u0119\u0142o si\u0119 od kr\u00f3tkiego wprowadzenia na temat genezy samego \u015bwi\u0119ta. Wyja\u015bniono dzieciom, dlaczego obchodzimy to \u015bwi\u0119to oraz jakie postacie z bajek s\u0105 na ca\u0142ym \u015bwiecie znane i uwielbiane. Uczniowie brali udzia\u0142 w grach i zabawach inspirowanych bajkami, takich jak: quizy o postaciach z bajek, kolorowanka-uzupe\u0142nianka czy bajkowa wycinanka, a tak\u017ce z entuzjazmem uczestniczyli w zabawie polegaj\u0105cej na stworzeniu wsp\u00f3lnie wymy\u015blonej bajkowej postaci. Spotkanie zako\u0144czy\u0142o si\u0119 pami\u0105tkowymi zdj\u0119ciami we w\u0142asnor\u0119cznie wykonanej przez dzieci bajkowej ramce. Dzi\u0119ki temu wydarzeniu mia\u0142y okazj\u0119 lepiej pozna\u0107 \u015bwiat bajek oraz rozwija\u0107 swoje zainteresowania i wyobra\u017ani\u0119.<\/p>\n\n\n\n<figure class=\"wp-block-gallery has-nested-images columns-default is-cropped wp-block-gallery-1 is-layout-flex wp-block-gallery-is-layout-flex\">\n<figure class=\"wp-block-image size-large\"><a href=\"https:\/\/biblioteka.sulejow.pl\/wpmbps\/wp-content\/uploads\/2024\/11\/3.-Praca-plastyczna-wyklejanka-Smerf.jpg\"><img loading=\"lazy\" decoding=\"async\" width=\"768\" height=\"1024\" data-id=\"866\" src=\"https:\/\/biblioteka.sulejow.pl\/wpmbps\/wp-content\/uploads\/2024\/11\/3.-Praca-plastyczna-wyklejanka-Smerf.jpg\" alt=\"\" class=\"wp-image-866\" srcset=\"https:\/\/biblioteka.sulejow.pl\/wpmbps\/wp-content\/uploads\/2024\/11\/3.-Praca-plastyczna-wyklejanka-Smerf.jpg 768w, https:\/\/biblioteka.sulejow.pl\/wpmbps\/wp-content\/uploads\/2024\/11\/3.-Praca-plastyczna-wyklejanka-Smerf-225x300.jpg 225w\" sizes=\"auto, (max-width: 768px) 100vw, 768px\" \/><\/a><\/figure>\n\n\n\n<figure class=\"wp-block-image size-large\"><a href=\"https:\/\/biblioteka.sulejow.pl\/wpmbps\/wp-content\/uploads\/2024\/11\/4.-Uczestnicy-zajec-tworza-postacie-z-bajek-z-wycietych-elementow.jpg\"><img loading=\"lazy\" decoding=\"async\" width=\"853\" height=\"768\" data-id=\"865\" src=\"https:\/\/biblioteka.sulejow.pl\/wpmbps\/wp-content\/uploads\/2024\/11\/4.-Uczestnicy-zajec-tworza-postacie-z-bajek-z-wycietych-elementow.jpg\" alt=\"\" class=\"wp-image-865\" srcset=\"https:\/\/biblioteka.sulejow.pl\/wpmbps\/wp-content\/uploads\/2024\/11\/4.-Uczestnicy-zajec-tworza-postacie-z-bajek-z-wycietych-elementow.jpg 853w, https:\/\/biblioteka.sulejow.pl\/wpmbps\/wp-content\/uploads\/2024\/11\/4.-Uczestnicy-zajec-tworza-postacie-z-bajek-z-wycietych-elementow-300x270.jpg 300w, https:\/\/biblioteka.sulejow.pl\/wpmbps\/wp-content\/uploads\/2024\/11\/4.-Uczestnicy-zajec-tworza-postacie-z-bajek-z-wycietych-elementow-768x691.jpg 768w\" sizes=\"auto, (max-width: 853px) 100vw, 853px\" \/><\/a><\/figure>\n\n\n\n<figure class=\"wp-block-image size-large\"><a href=\"https:\/\/biblioteka.sulejow.pl\/wpmbps\/wp-content\/uploads\/2024\/11\/5.-Dziewczynki-pozuja-we-wlasnorecznie-stworzonej-bajkowej-ramce.jpg\"><img loading=\"lazy\" decoding=\"async\" width=\"1024\" height=\"768\" data-id=\"870\" src=\"https:\/\/biblioteka.sulejow.pl\/wpmbps\/wp-content\/uploads\/2024\/11\/5.-Dziewczynki-pozuja-we-wlasnorecznie-stworzonej-bajkowej-ramce.jpg\" alt=\"\" class=\"wp-image-870\" srcset=\"https:\/\/biblioteka.sulejow.pl\/wpmbps\/wp-content\/uploads\/2024\/11\/5.-Dziewczynki-pozuja-we-wlasnorecznie-stworzonej-bajkowej-ramce.jpg 1024w, https:\/\/biblioteka.sulejow.pl\/wpmbps\/wp-content\/uploads\/2024\/11\/5.-Dziewczynki-pozuja-we-wlasnorecznie-stworzonej-bajkowej-ramce-300x225.jpg 300w, https:\/\/biblioteka.sulejow.pl\/wpmbps\/wp-content\/uploads\/2024\/11\/5.-Dziewczynki-pozuja-we-wlasnorecznie-stworzonej-bajkowej-ramce-768x576.jpg 768w\" sizes=\"auto, (max-width: 1024px) 100vw, 1024px\" \/><\/a><\/figure>\n\n\n\n<figure class=\"wp-block-image size-large\"><a href=\"https:\/\/biblioteka.sulejow.pl\/wpmbps\/wp-content\/uploads\/2024\/11\/6.-Chlopcy-prezentuja-wykonane-przez-siebie-prace-plastyczne.jpg\"><img loading=\"lazy\" decoding=\"async\" width=\"1024\" height=\"768\" data-id=\"868\" src=\"https:\/\/biblioteka.sulejow.pl\/wpmbps\/wp-content\/uploads\/2024\/11\/6.-Chlopcy-prezentuja-wykonane-przez-siebie-prace-plastyczne.jpg\" alt=\"\" class=\"wp-image-868\" srcset=\"https:\/\/biblioteka.sulejow.pl\/wpmbps\/wp-content\/uploads\/2024\/11\/6.-Chlopcy-prezentuja-wykonane-przez-siebie-prace-plastyczne.jpg 1024w, https:\/\/biblioteka.sulejow.pl\/wpmbps\/wp-content\/uploads\/2024\/11\/6.-Chlopcy-prezentuja-wykonane-przez-siebie-prace-plastyczne-300x225.jpg 300w, https:\/\/biblioteka.sulejow.pl\/wpmbps\/wp-content\/uploads\/2024\/11\/6.-Chlopcy-prezentuja-wykonane-przez-siebie-prace-plastyczne-768x576.jpg 768w\" sizes=\"auto, (max-width: 1024px) 100vw, 1024px\" \/><\/a><\/figure>\n\n\n\n<figure class=\"wp-block-image size-large\"><a href=\"https:\/\/biblioteka.sulejow.pl\/wpmbps\/wp-content\/uploads\/2024\/11\/1.-Uczestnicy-zajec-rozwiazuja-quizy-o-najpopularniejszych-postaciach-z-bajek.jpg\"><img loading=\"lazy\" decoding=\"async\" width=\"1024\" height=\"768\" data-id=\"867\" src=\"https:\/\/biblioteka.sulejow.pl\/wpmbps\/wp-content\/uploads\/2024\/11\/1.-Uczestnicy-zajec-rozwiazuja-quizy-o-najpopularniejszych-postaciach-z-bajek.jpg\" alt=\"\" class=\"wp-image-867\" srcset=\"https:\/\/biblioteka.sulejow.pl\/wpmbps\/wp-content\/uploads\/2024\/11\/1.-Uczestnicy-zajec-rozwiazuja-quizy-o-najpopularniejszych-postaciach-z-bajek.jpg 1024w, https:\/\/biblioteka.sulejow.pl\/wpmbps\/wp-content\/uploads\/2024\/11\/1.-Uczestnicy-zajec-rozwiazuja-quizy-o-najpopularniejszych-postaciach-z-bajek-300x225.jpg 300w, https:\/\/biblioteka.sulejow.pl\/wpmbps\/wp-content\/uploads\/2024\/11\/1.-Uczestnicy-zajec-rozwiazuja-quizy-o-najpopularniejszych-postaciach-z-bajek-768x576.jpg 768w\" sizes=\"auto, (max-width: 1024px) 100vw, 1024px\" \/><\/a><\/figure>\n\n\n\n<figure class=\"wp-block-image size-large\"><a href=\"https:\/\/biblioteka.sulejow.pl\/wpmbps\/wp-content\/uploads\/2024\/11\/2.-Chlopiec-maluje-wymyslona-postac-z-bajki.jpg\"><img loading=\"lazy\" decoding=\"async\" width=\"768\" height=\"805\" data-id=\"869\" src=\"https:\/\/biblioteka.sulejow.pl\/wpmbps\/wp-content\/uploads\/2024\/11\/2.-Chlopiec-maluje-wymyslona-postac-z-bajki.jpg\" alt=\"\" class=\"wp-image-869\" srcset=\"https:\/\/biblioteka.sulejow.pl\/wpmbps\/wp-content\/uploads\/2024\/11\/2.-Chlopiec-maluje-wymyslona-postac-z-bajki.jpg 768w, https:\/\/biblioteka.sulejow.pl\/wpmbps\/wp-content\/uploads\/2024\/11\/2.-Chlopiec-maluje-wymyslona-postac-z-bajki-286x300.jpg 286w\" sizes=\"auto, (max-width: 768px) 100vw, 768px\" \/><\/a><\/figure>\n<\/figure>\n","protected":false},"excerpt":{"rendered":"<p>W dniu \u00a05 listopada \u00a0razem z uczniami ze Szko\u0142y Podstawowej nr 1 w Sulejowie \u015bwi\u0119towali\u015bmy Dzie\u0144 Postaci z Bajek. To bardzo magiczny dzie\u0144 dedykowany zar\u00f3wno dzieciom, jak i doros\u0142ym, kt\u00f3rzy uwielbiaj\u0105 bajki i chc\u0105 przypomnie\u0107 sobie ulubione historie z dzieci\u0144stwa. Data nie jest przypadkowa \u2013 zosta\u0142a wybrana na pami\u0105tk\u0119 urodzin jednego z najs\u0142ynniejszych tw\u00f3rc\u00f3w bajek, [&hellip;]<\/p>\n","protected":false},"author":1,"featured_media":0,"comment_status":"closed","ping_status":"","sticky":false,"template":"","format":"standard","meta":{"zakra_page_container_layout":"customizer","zakra_page_sidebar_layout":"customizer","zakra_remove_content_margin":false,"zakra_sidebar":"customizer","zakra_transparent_header":"customizer","zakra_logo":0,"zakra_main_header_style":"default","zakra_menu_item_color":"","zakra_menu_item_hover_color":"","zakra_menu_item_active_color":"","zakra_menu_active_style":"","zakra_page_header":true,"footnotes":"","_links_to":"","_links_to_target":""},"categories":[4],"tags":[],"class_list":["post-864","post","type-post","status-publish","format-standard","hentry","category-aktualnosci-2024"],"_links":{"self":[{"href":"https:\/\/biblioteka.sulejow.pl\/index.php?rest_route=\/wp\/v2\/posts\/864","targetHints":{"allow":["GET"]}}],"collection":[{"href":"https:\/\/biblioteka.sulejow.pl\/index.php?rest_route=\/wp\/v2\/posts"}],"about":[{"href":"https:\/\/biblioteka.sulejow.pl\/index.php?rest_route=\/wp\/v2\/types\/post"}],"author":[{"embeddable":true,"href":"https:\/\/biblioteka.sulejow.pl\/index.php?rest_route=\/wp\/v2\/users\/1"}],"replies":[{"embeddable":true,"href":"https:\/\/biblioteka.sulejow.pl\/index.php?rest_route=%2Fwp%2Fv2%2Fcomments&post=864"}],"version-history":[{"count":1,"href":"https:\/\/biblioteka.sulejow.pl\/index.php?rest_route=\/wp\/v2\/posts\/864\/revisions"}],"predecessor-version":[{"id":871,"href":"https:\/\/biblioteka.sulejow.pl\/index.php?rest_route=\/wp\/v2\/posts\/864\/revisions\/871"}],"wp:attachment":[{"href":"https:\/\/biblioteka.sulejow.pl\/index.php?rest_route=%2Fwp%2Fv2%2Fmedia&parent=864"}],"wp:term":[{"taxonomy":"category","embeddable":true,"href":"https:\/\/biblioteka.sulejow.pl\/index.php?rest_route=%2Fwp%2Fv2%2Fcategories&post=864"},{"taxonomy":"post_tag","embeddable":true,"href":"https:\/\/biblioteka.sulejow.pl\/index.php?rest_route=%2Fwp%2Fv2%2Ftags&post=864"}],"curies":[{"name":"wp","href":"https:\/\/api.w.org\/{rel}","templated":true}]}}