{"id":873,"date":"2024-11-16T20:22:12","date_gmt":"2024-11-16T20:22:12","guid":{"rendered":"https:\/\/biblioteka.sulejow.pl\/?p=873"},"modified":"2024-11-16T20:22:12","modified_gmt":"2024-11-16T20:22:12","slug":"spotkanie-autorskie-oraz-obchody-swiatowego-dnia-seniora","status":"publish","type":"post","link":"https:\/\/biblioteka.sulejow.pl\/?p=873","title":{"rendered":"Spotkanie autorskie oraz obchody \u015awiatowego Dnia Seniora"},"content":{"rendered":"\n<p>W pi\u0105tek 8 listopada go\u015bciem w naszej bibliotece by\u0142 Jacek \u0141api\u0144ski-autor ksi\u0105\u017cek motywacyjnych oraz inspiruj\u0105cych, m.in. &#8222;Dlaczego warto czyta\u0107?!&#8221; , &#8222;Jak by\u0107 lepszym sob\u0105?&#8221; oraz \u201eZ u\u015bmiechem Ci do twarzy! Dobry humor to lepsze \u017cycie\u201d. Spotkania z pisarzem zorganizowane by\u0142y dla uczni\u00f3w Szk\u00f3\u0142 Podstawowych z terenu miasta i gminy Sulej\u00f3w. Jacek \u0141api\u0144ski opowiedzia\u0142 o swojej drodze do kariery pisarskiej, podkre\u015blaj\u0105c, jak wa\u017cne w jego \u017cyciu by\u0142o odkrywanie motywacji oraz pasji do s\u0142owa pisanego. Zaczyna\u0142 jako prawnik, ale szybko u\u015bwiadomi\u0142 sobie, jak bardzo interesuje go inspirowanie innych.<\/p>\n\n\n\n<p>Autor m\u00f3wi\u0142 o warto\u015bciach, kt\u00f3re promuje w swoich ksi\u0105\u017ckach, podkre\u015blaj\u0105c wag\u0119 samodoskonalenia i ci\u0105g\u0142ej pracy nad sob\u0105. Jego zdaniem kluczem do sukcesu jest nieustanne rozwijanie w\u0142asnych talent\u00f3w i praca nad pozytywnym my\u015bleniem. Pisarz podkre\u015bla\u0142 znaczenie dyscypliny w pracy tw\u00f3rczej oraz systematyczno\u015bci w rozwijaniu swoich projekt\u00f3w, zach\u0119ca\u0142 r\u00f3wnie\u017c \u00a0do odkrywania mocy literatury, poniewa\u017c czytanie pomaga rozwija\u0107 wyobra\u017ani\u0119, poszerza horyzonty i stymuluje do my\u015blenia \u2013 s\u0105 to warto\u015bci, kt\u00f3re sam ceni i kt\u00f3re pragnie zaszczepi\u0107 w swoich czytelnikach.<\/p>\n\n\n\n<p>O swoich ksi\u0105\u017ckach, pasji oraz osobistych refleksjach na temat \u017cycia, oraz rozwoju osobistego rozmawia\u0142 r\u00f3wnie\u017c podczas spotkania z naszymi seniorami w ramach obchod\u00f3w \u015awiatowego Dnia Seniora, kt\u00f3re odby\u0142o si\u0119 w pi\u0105tkowe popo\u0142udnie. Spotkanie u\u015bwietni\u0142y wyst\u0119py zespo\u0142\u00f3w R\u00f3bmy Swoje i Tercetu Dobra Woda oraz pokaz ta\u0144ca towarzyskiego. Honorowym patronem wydarzenia by\u0142a Dorota Jankowska \u2014 Burmistrz Sulejowa, kt\u00f3r\u0105 reprezentowa\u0142 Rafa\u0142 Kulbat, przewodnicz\u0105cy Rady Miejskiej w Sulejowie oraz radni. Pan przewodnicz\u0105cy z\u0142o\u017cy\u0142 naszym seniorom najserdeczniejsze \u017cyczenia z okazji ich \u015bwi\u0119ta. \u00a0\u00a0\u00a0 Spotkanie autorskie z Jackiem \u0141api\u0144skim by\u0142o inspiruj\u0105cym wydarzeniem, podczas kt\u00f3rego uczestnicy mogli pozna\u0107 pisarza nie tylko jako autora, lecz tak\u017ce jako osob\u0119 z pasj\u0105 do motywowania innych i promowania rozwoju osobistego. Jego otwarto\u015b\u0107 na rozmowy oraz umiej\u0119tno\u015b\u0107 dzielenia si\u0119 w\u0142asnymi do\u015bwiadczeniami wywar\u0142y du\u017ce wra\u017cenie na obecnych, a wielu uczestnik\u00f3w wysz\u0142o ze spotkania zmotywowanych do pracy nad sob\u0105 i poszukiwania w\u0142asnego hobby.<\/p>\n\n\n\n<figure class=\"wp-block-gallery has-nested-images columns-default is-cropped wp-block-gallery-1 is-layout-flex wp-block-gallery-is-layout-flex\">\n<figure class=\"wp-block-image size-large\"><img loading=\"lazy\" decoding=\"async\" width=\"888\" height=\"768\" data-id=\"886\" src=\"https:\/\/biblioteka.sulejow.pl\/wpmbps\/wp-content\/uploads\/2024\/11\/Mlodziez-mierzy-sie-z-zagadka-Jajka-Kolumba.jpg\" alt=\"\" class=\"wp-image-886\" srcset=\"https:\/\/biblioteka.sulejow.pl\/wpmbps\/wp-content\/uploads\/2024\/11\/Mlodziez-mierzy-sie-z-zagadka-Jajka-Kolumba.jpg 888w, https:\/\/biblioteka.sulejow.pl\/wpmbps\/wp-content\/uploads\/2024\/11\/Mlodziez-mierzy-sie-z-zagadka-Jajka-Kolumba-300x259.jpg 300w, https:\/\/biblioteka.sulejow.pl\/wpmbps\/wp-content\/uploads\/2024\/11\/Mlodziez-mierzy-sie-z-zagadka-Jajka-Kolumba-768x664.jpg 768w\" sizes=\"auto, (max-width: 888px) 100vw, 888px\" \/><\/figure>\n\n\n\n<figure class=\"wp-block-image size-large\"><img loading=\"lazy\" decoding=\"async\" width=\"1024\" height=\"768\" data-id=\"874\" src=\"https:\/\/biblioteka.sulejow.pl\/wpmbps\/wp-content\/uploads\/2024\/11\/Na-scenie-kobieta-z-mikrofonem-zapowiada-kolejne-atrakcje-przewidziane-w-ramach-obchodow-Swiatowego-Dnia-Seniora.jpg\" alt=\"\" class=\"wp-image-874\" srcset=\"https:\/\/biblioteka.sulejow.pl\/wpmbps\/wp-content\/uploads\/2024\/11\/Na-scenie-kobieta-z-mikrofonem-zapowiada-kolejne-atrakcje-przewidziane-w-ramach-obchodow-Swiatowego-Dnia-Seniora.jpg 1024w, https:\/\/biblioteka.sulejow.pl\/wpmbps\/wp-content\/uploads\/2024\/11\/Na-scenie-kobieta-z-mikrofonem-zapowiada-kolejne-atrakcje-przewidziane-w-ramach-obchodow-Swiatowego-Dnia-Seniora-300x225.jpg 300w, https:\/\/biblioteka.sulejow.pl\/wpmbps\/wp-content\/uploads\/2024\/11\/Na-scenie-kobieta-z-mikrofonem-zapowiada-kolejne-atrakcje-przewidziane-w-ramach-obchodow-Swiatowego-Dnia-Seniora-768x576.jpg 768w\" sizes=\"auto, (max-width: 1024px) 100vw, 1024px\" \/><\/figure>\n\n\n\n<figure class=\"wp-block-image size-large\"><img loading=\"lazy\" decoding=\"async\" width=\"1024\" height=\"768\" data-id=\"878\" src=\"https:\/\/biblioteka.sulejow.pl\/wpmbps\/wp-content\/uploads\/2024\/11\/Na-scenie-tanczy-para-tancerzy.jpg\" alt=\"\" class=\"wp-image-878\" srcset=\"https:\/\/biblioteka.sulejow.pl\/wpmbps\/wp-content\/uploads\/2024\/11\/Na-scenie-tanczy-para-tancerzy.jpg 1024w, https:\/\/biblioteka.sulejow.pl\/wpmbps\/wp-content\/uploads\/2024\/11\/Na-scenie-tanczy-para-tancerzy-300x225.jpg 300w, https:\/\/biblioteka.sulejow.pl\/wpmbps\/wp-content\/uploads\/2024\/11\/Na-scenie-tanczy-para-tancerzy-768x576.jpg 768w\" sizes=\"auto, (max-width: 1024px) 100vw, 1024px\" \/><\/figure>\n\n\n\n<figure class=\"wp-block-image size-large\"><a href=\"https:\/\/biblioteka.sulejow.pl\/wpmbps\/wp-content\/uploads\/2024\/11\/Seniorzy-tancza-pod-scena-do-akompaniamentu-muzyki.jpg\"><img loading=\"lazy\" decoding=\"async\" width=\"1024\" height=\"768\" data-id=\"875\" src=\"https:\/\/biblioteka.sulejow.pl\/wpmbps\/wp-content\/uploads\/2024\/11\/Seniorzy-tancza-pod-scena-do-akompaniamentu-muzyki.jpg\" alt=\"\" class=\"wp-image-875\" srcset=\"https:\/\/biblioteka.sulejow.pl\/wpmbps\/wp-content\/uploads\/2024\/11\/Seniorzy-tancza-pod-scena-do-akompaniamentu-muzyki.jpg 1024w, https:\/\/biblioteka.sulejow.pl\/wpmbps\/wp-content\/uploads\/2024\/11\/Seniorzy-tancza-pod-scena-do-akompaniamentu-muzyki-300x225.jpg 300w, https:\/\/biblioteka.sulejow.pl\/wpmbps\/wp-content\/uploads\/2024\/11\/Seniorzy-tancza-pod-scena-do-akompaniamentu-muzyki-768x576.jpg 768w\" sizes=\"auto, (max-width: 1024px) 100vw, 1024px\" \/><\/a><\/figure>\n\n\n\n<figure class=\"wp-block-image size-large\"><a href=\"https:\/\/biblioteka.sulejow.pl\/wpmbps\/wp-content\/uploads\/2024\/11\/Spotkanie-autora-z-mlodzieza-szkolna-w-Uszczynie.jpg\"><img loading=\"lazy\" decoding=\"async\" width=\"1024\" height=\"768\" data-id=\"883\" src=\"https:\/\/biblioteka.sulejow.pl\/wpmbps\/wp-content\/uploads\/2024\/11\/Spotkanie-autora-z-mlodzieza-szkolna-w-Uszczynie.jpg\" alt=\"\" class=\"wp-image-883\" srcset=\"https:\/\/biblioteka.sulejow.pl\/wpmbps\/wp-content\/uploads\/2024\/11\/Spotkanie-autora-z-mlodzieza-szkolna-w-Uszczynie.jpg 1024w, https:\/\/biblioteka.sulejow.pl\/wpmbps\/wp-content\/uploads\/2024\/11\/Spotkanie-autora-z-mlodzieza-szkolna-w-Uszczynie-300x225.jpg 300w, https:\/\/biblioteka.sulejow.pl\/wpmbps\/wp-content\/uploads\/2024\/11\/Spotkanie-autora-z-mlodzieza-szkolna-w-Uszczynie-768x576.jpg 768w\" sizes=\"auto, (max-width: 1024px) 100vw, 1024px\" \/><\/a><\/figure>\n\n\n\n<figure class=\"wp-block-image size-large\"><a href=\"https:\/\/biblioteka.sulejow.pl\/wpmbps\/wp-content\/uploads\/2024\/11\/Spotkanie-autora-z-seniorami-w-sulejowskiej-auli.jpg\"><img loading=\"lazy\" decoding=\"async\" width=\"768\" height=\"1024\" data-id=\"876\" src=\"https:\/\/biblioteka.sulejow.pl\/wpmbps\/wp-content\/uploads\/2024\/11\/Spotkanie-autora-z-seniorami-w-sulejowskiej-auli.jpg\" alt=\"\" class=\"wp-image-876\" srcset=\"https:\/\/biblioteka.sulejow.pl\/wpmbps\/wp-content\/uploads\/2024\/11\/Spotkanie-autora-z-seniorami-w-sulejowskiej-auli.jpg 768w, https:\/\/biblioteka.sulejow.pl\/wpmbps\/wp-content\/uploads\/2024\/11\/Spotkanie-autora-z-seniorami-w-sulejowskiej-auli-225x300.jpg 225w\" sizes=\"auto, (max-width: 768px) 100vw, 768px\" \/><\/a><\/figure>\n\n\n\n<figure class=\"wp-block-image size-large\"><a href=\"https:\/\/biblioteka.sulejow.pl\/wpmbps\/wp-content\/uploads\/2024\/11\/SPotkanie-Jacka-Lapinskiego-z-mlodzieza-szkolna-w-Uszczynie.jpg\"><img loading=\"lazy\" decoding=\"async\" width=\"1024\" height=\"768\" data-id=\"884\" src=\"https:\/\/biblioteka.sulejow.pl\/wpmbps\/wp-content\/uploads\/2024\/11\/SPotkanie-Jacka-Lapinskiego-z-mlodzieza-szkolna-w-Uszczynie.jpg\" alt=\"\" class=\"wp-image-884\" srcset=\"https:\/\/biblioteka.sulejow.pl\/wpmbps\/wp-content\/uploads\/2024\/11\/SPotkanie-Jacka-Lapinskiego-z-mlodzieza-szkolna-w-Uszczynie.jpg 1024w, https:\/\/biblioteka.sulejow.pl\/wpmbps\/wp-content\/uploads\/2024\/11\/SPotkanie-Jacka-Lapinskiego-z-mlodzieza-szkolna-w-Uszczynie-300x225.jpg 300w, https:\/\/biblioteka.sulejow.pl\/wpmbps\/wp-content\/uploads\/2024\/11\/SPotkanie-Jacka-Lapinskiego-z-mlodzieza-szkolna-w-Uszczynie-768x576.jpg 768w\" sizes=\"auto, (max-width: 1024px) 100vw, 1024px\" \/><\/a><\/figure>\n\n\n\n<figure class=\"wp-block-image size-large\"><a href=\"https:\/\/biblioteka.sulejow.pl\/wpmbps\/wp-content\/uploads\/2024\/11\/Spotkanie-pana-Jacka-Lapinskiego-z-mlodzieza-w-auli-biblioteki.jpg\"><img loading=\"lazy\" decoding=\"async\" width=\"1024\" height=\"768\" data-id=\"879\" src=\"https:\/\/biblioteka.sulejow.pl\/wpmbps\/wp-content\/uploads\/2024\/11\/Spotkanie-pana-Jacka-Lapinskiego-z-mlodzieza-w-auli-biblioteki.jpg\" alt=\"\" class=\"wp-image-879\" srcset=\"https:\/\/biblioteka.sulejow.pl\/wpmbps\/wp-content\/uploads\/2024\/11\/Spotkanie-pana-Jacka-Lapinskiego-z-mlodzieza-w-auli-biblioteki.jpg 1024w, https:\/\/biblioteka.sulejow.pl\/wpmbps\/wp-content\/uploads\/2024\/11\/Spotkanie-pana-Jacka-Lapinskiego-z-mlodzieza-w-auli-biblioteki-300x225.jpg 300w, https:\/\/biblioteka.sulejow.pl\/wpmbps\/wp-content\/uploads\/2024\/11\/Spotkanie-pana-Jacka-Lapinskiego-z-mlodzieza-w-auli-biblioteki-768x576.jpg 768w\" sizes=\"auto, (max-width: 1024px) 100vw, 1024px\" \/><\/a><\/figure>\n\n\n\n<figure class=\"wp-block-image size-large\"><a href=\"https:\/\/biblioteka.sulejow.pl\/wpmbps\/wp-content\/uploads\/2024\/11\/Spotkanie-pana-Jacka-Lapinskiego-z-mlodzieza-w-szkole-we-Wlodzimierzowie.jpg\"><img loading=\"lazy\" decoding=\"async\" width=\"1024\" height=\"678\" data-id=\"889\" src=\"https:\/\/biblioteka.sulejow.pl\/wpmbps\/wp-content\/uploads\/2024\/11\/Spotkanie-pana-Jacka-Lapinskiego-z-mlodzieza-w-szkole-we-Wlodzimierzowie.jpg\" alt=\"\" class=\"wp-image-889\" srcset=\"https:\/\/biblioteka.sulejow.pl\/wpmbps\/wp-content\/uploads\/2024\/11\/Spotkanie-pana-Jacka-Lapinskiego-z-mlodzieza-w-szkole-we-Wlodzimierzowie.jpg 1024w, https:\/\/biblioteka.sulejow.pl\/wpmbps\/wp-content\/uploads\/2024\/11\/Spotkanie-pana-Jacka-Lapinskiego-z-mlodzieza-w-szkole-we-Wlodzimierzowie-300x199.jpg 300w, https:\/\/biblioteka.sulejow.pl\/wpmbps\/wp-content\/uploads\/2024\/11\/Spotkanie-pana-Jacka-Lapinskiego-z-mlodzieza-w-szkole-we-Wlodzimierzowie-768x509.jpg 768w\" sizes=\"auto, (max-width: 1024px) 100vw, 1024px\" \/><\/a><\/figure>\n\n\n\n<figure class=\"wp-block-image size-large\"><a href=\"https:\/\/biblioteka.sulejow.pl\/wpmbps\/wp-content\/uploads\/2024\/11\/Spotkanie-piasarza-z-mlodzieza-szkolna.jpg\"><img loading=\"lazy\" decoding=\"async\" width=\"768\" height=\"1024\" data-id=\"888\" src=\"https:\/\/biblioteka.sulejow.pl\/wpmbps\/wp-content\/uploads\/2024\/11\/Spotkanie-piasarza-z-mlodzieza-szkolna.jpg\" alt=\"\" class=\"wp-image-888\" srcset=\"https:\/\/biblioteka.sulejow.pl\/wpmbps\/wp-content\/uploads\/2024\/11\/Spotkanie-piasarza-z-mlodzieza-szkolna.jpg 768w, https:\/\/biblioteka.sulejow.pl\/wpmbps\/wp-content\/uploads\/2024\/11\/Spotkanie-piasarza-z-mlodzieza-szkolna-225x300.jpg 225w\" sizes=\"auto, (max-width: 768px) 100vw, 768px\" \/><\/a><\/figure>\n\n\n\n<figure class=\"wp-block-image size-large\"><a href=\"https:\/\/biblioteka.sulejow.pl\/wpmbps\/wp-content\/uploads\/2024\/11\/Tercet-Dobra-Woda.jpg\"><img loading=\"lazy\" decoding=\"async\" width=\"746\" height=\"1024\" data-id=\"881\" src=\"https:\/\/biblioteka.sulejow.pl\/wpmbps\/wp-content\/uploads\/2024\/11\/Tercet-Dobra-Woda.jpg\" alt=\"\" class=\"wp-image-881\" srcset=\"https:\/\/biblioteka.sulejow.pl\/wpmbps\/wp-content\/uploads\/2024\/11\/Tercet-Dobra-Woda.jpg 746w, https:\/\/biblioteka.sulejow.pl\/wpmbps\/wp-content\/uploads\/2024\/11\/Tercet-Dobra-Woda-219x300.jpg 219w\" sizes=\"auto, (max-width: 746px) 100vw, 746px\" \/><\/a><\/figure>\n\n\n\n<figure class=\"wp-block-image size-large\"><a href=\"https:\/\/biblioteka.sulejow.pl\/wpmbps\/wp-content\/uploads\/2024\/11\/Zadowolone-z-rozwiazania-zagadki-Jajka-Kolumba-dziewczyny.jpg\"><img loading=\"lazy\" decoding=\"async\" width=\"959\" height=\"768\" data-id=\"887\" src=\"https:\/\/biblioteka.sulejow.pl\/wpmbps\/wp-content\/uploads\/2024\/11\/Zadowolone-z-rozwiazania-zagadki-Jajka-Kolumba-dziewczyny.jpg\" alt=\"\" class=\"wp-image-887\" srcset=\"https:\/\/biblioteka.sulejow.pl\/wpmbps\/wp-content\/uploads\/2024\/11\/Zadowolone-z-rozwiazania-zagadki-Jajka-Kolumba-dziewczyny.jpg 959w, https:\/\/biblioteka.sulejow.pl\/wpmbps\/wp-content\/uploads\/2024\/11\/Zadowolone-z-rozwiazania-zagadki-Jajka-Kolumba-dziewczyny-300x240.jpg 300w, https:\/\/biblioteka.sulejow.pl\/wpmbps\/wp-content\/uploads\/2024\/11\/Zadowolone-z-rozwiazania-zagadki-Jajka-Kolumba-dziewczyny-768x615.jpg 768w\" sizes=\"auto, (max-width: 959px) 100vw, 959px\" \/><\/a><\/figure>\n\n\n\n<figure class=\"wp-block-image size-large\"><a href=\"https:\/\/biblioteka.sulejow.pl\/wpmbps\/wp-content\/uploads\/2024\/11\/Dzien-Seniora-widzowie.jpg\"><img loading=\"lazy\" decoding=\"async\" width=\"1024\" height=\"768\" data-id=\"885\" src=\"https:\/\/biblioteka.sulejow.pl\/wpmbps\/wp-content\/uploads\/2024\/11\/Dzien-Seniora-widzowie.jpg\" alt=\"\" class=\"wp-image-885\" srcset=\"https:\/\/biblioteka.sulejow.pl\/wpmbps\/wp-content\/uploads\/2024\/11\/Dzien-Seniora-widzowie.jpg 1024w, https:\/\/biblioteka.sulejow.pl\/wpmbps\/wp-content\/uploads\/2024\/11\/Dzien-Seniora-widzowie-300x225.jpg 300w, https:\/\/biblioteka.sulejow.pl\/wpmbps\/wp-content\/uploads\/2024\/11\/Dzien-Seniora-widzowie-768x576.jpg 768w\" sizes=\"auto, (max-width: 1024px) 100vw, 1024px\" \/><\/a><\/figure>\n\n\n\n<figure class=\"wp-block-image size-large\"><a href=\"https:\/\/biblioteka.sulejow.pl\/wpmbps\/wp-content\/uploads\/2024\/11\/Dzien-Seniora.jpg\"><img loading=\"lazy\" decoding=\"async\" width=\"1024\" height=\"768\" data-id=\"877\" src=\"https:\/\/biblioteka.sulejow.pl\/wpmbps\/wp-content\/uploads\/2024\/11\/Dzien-Seniora.jpg\" alt=\"\" class=\"wp-image-877\" srcset=\"https:\/\/biblioteka.sulejow.pl\/wpmbps\/wp-content\/uploads\/2024\/11\/Dzien-Seniora.jpg 1024w, https:\/\/biblioteka.sulejow.pl\/wpmbps\/wp-content\/uploads\/2024\/11\/Dzien-Seniora-300x225.jpg 300w, https:\/\/biblioteka.sulejow.pl\/wpmbps\/wp-content\/uploads\/2024\/11\/Dzien-Seniora-768x576.jpg 768w\" sizes=\"auto, (max-width: 1024px) 100vw, 1024px\" \/><\/a><\/figure>\n\n\n\n<figure class=\"wp-block-image size-large\"><a href=\"https:\/\/biblioteka.sulejow.pl\/wpmbps\/wp-content\/uploads\/2024\/11\/Kobieta-na-scenie-wita-uczestnikow-spotkania-autorskiego.jpg\"><img loading=\"lazy\" decoding=\"async\" width=\"1024\" height=\"768\" data-id=\"882\" src=\"https:\/\/biblioteka.sulejow.pl\/wpmbps\/wp-content\/uploads\/2024\/11\/Kobieta-na-scenie-wita-uczestnikow-spotkania-autorskiego.jpg\" alt=\"\" class=\"wp-image-882\" srcset=\"https:\/\/biblioteka.sulejow.pl\/wpmbps\/wp-content\/uploads\/2024\/11\/Kobieta-na-scenie-wita-uczestnikow-spotkania-autorskiego.jpg 1024w, https:\/\/biblioteka.sulejow.pl\/wpmbps\/wp-content\/uploads\/2024\/11\/Kobieta-na-scenie-wita-uczestnikow-spotkania-autorskiego-300x225.jpg 300w, https:\/\/biblioteka.sulejow.pl\/wpmbps\/wp-content\/uploads\/2024\/11\/Kobieta-na-scenie-wita-uczestnikow-spotkania-autorskiego-768x576.jpg 768w\" sizes=\"auto, (max-width: 1024px) 100vw, 1024px\" \/><\/a><\/figure>\n\n\n\n<figure class=\"wp-block-image size-large\"><a href=\"https:\/\/biblioteka.sulejow.pl\/wpmbps\/wp-content\/uploads\/2024\/11\/Mezczyzna-z-mikrofonem-dziekuje-pani-dyrektor-biblioteki-oraz-autorowi-ksiazek-za-spotkanie.jpg\"><img loading=\"lazy\" decoding=\"async\" width=\"1024\" height=\"768\" data-id=\"880\" src=\"https:\/\/biblioteka.sulejow.pl\/wpmbps\/wp-content\/uploads\/2024\/11\/Mezczyzna-z-mikrofonem-dziekuje-pani-dyrektor-biblioteki-oraz-autorowi-ksiazek-za-spotkanie.jpg\" alt=\"\" class=\"wp-image-880\" srcset=\"https:\/\/biblioteka.sulejow.pl\/wpmbps\/wp-content\/uploads\/2024\/11\/Mezczyzna-z-mikrofonem-dziekuje-pani-dyrektor-biblioteki-oraz-autorowi-ksiazek-za-spotkanie.jpg 1024w, https:\/\/biblioteka.sulejow.pl\/wpmbps\/wp-content\/uploads\/2024\/11\/Mezczyzna-z-mikrofonem-dziekuje-pani-dyrektor-biblioteki-oraz-autorowi-ksiazek-za-spotkanie-300x225.jpg 300w, https:\/\/biblioteka.sulejow.pl\/wpmbps\/wp-content\/uploads\/2024\/11\/Mezczyzna-z-mikrofonem-dziekuje-pani-dyrektor-biblioteki-oraz-autorowi-ksiazek-za-spotkanie-768x576.jpg 768w\" sizes=\"auto, (max-width: 1024px) 100vw, 1024px\" \/><\/a><\/figure>\n<\/figure>\n","protected":false},"excerpt":{"rendered":"<p>W pi\u0105tek 8 listopada go\u015bciem w naszej bibliotece by\u0142 Jacek \u0141api\u0144ski-autor ksi\u0105\u017cek motywacyjnych oraz inspiruj\u0105cych, m.in. &#8222;Dlaczego warto czyta\u0107?!&#8221; , &#8222;Jak by\u0107 lepszym sob\u0105?&#8221; oraz \u201eZ u\u015bmiechem Ci do twarzy! Dobry humor to lepsze \u017cycie\u201d. Spotkania z pisarzem zorganizowane by\u0142y dla uczni\u00f3w Szk\u00f3\u0142 Podstawowych z terenu miasta i gminy Sulej\u00f3w. Jacek \u0141api\u0144ski opowiedzia\u0142 o swojej [&hellip;]<\/p>\n","protected":false},"author":1,"featured_media":0,"comment_status":"closed","ping_status":"","sticky":false,"template":"","format":"standard","meta":{"zakra_page_container_layout":"customizer","zakra_page_sidebar_layout":"customizer","zakra_remove_content_margin":false,"zakra_sidebar":"customizer","zakra_transparent_header":"customizer","zakra_logo":0,"zakra_main_header_style":"default","zakra_menu_item_color":"","zakra_menu_item_hover_color":"","zakra_menu_item_active_color":"","zakra_menu_active_style":"","zakra_page_header":true,"footnotes":"","_links_to":"","_links_to_target":""},"categories":[4],"tags":[],"class_list":["post-873","post","type-post","status-publish","format-standard","hentry","category-aktualnosci-2024"],"_links":{"self":[{"href":"https:\/\/biblioteka.sulejow.pl\/index.php?rest_route=\/wp\/v2\/posts\/873","targetHints":{"allow":["GET"]}}],"collection":[{"href":"https:\/\/biblioteka.sulejow.pl\/index.php?rest_route=\/wp\/v2\/posts"}],"about":[{"href":"https:\/\/biblioteka.sulejow.pl\/index.php?rest_route=\/wp\/v2\/types\/post"}],"author":[{"embeddable":true,"href":"https:\/\/biblioteka.sulejow.pl\/index.php?rest_route=\/wp\/v2\/users\/1"}],"replies":[{"embeddable":true,"href":"https:\/\/biblioteka.sulejow.pl\/index.php?rest_route=%2Fwp%2Fv2%2Fcomments&post=873"}],"version-history":[{"count":1,"href":"https:\/\/biblioteka.sulejow.pl\/index.php?rest_route=\/wp\/v2\/posts\/873\/revisions"}],"predecessor-version":[{"id":890,"href":"https:\/\/biblioteka.sulejow.pl\/index.php?rest_route=\/wp\/v2\/posts\/873\/revisions\/890"}],"wp:attachment":[{"href":"https:\/\/biblioteka.sulejow.pl\/index.php?rest_route=%2Fwp%2Fv2%2Fmedia&parent=873"}],"wp:term":[{"taxonomy":"category","embeddable":true,"href":"https:\/\/biblioteka.sulejow.pl\/index.php?rest_route=%2Fwp%2Fv2%2Fcategories&post=873"},{"taxonomy":"post_tag","embeddable":true,"href":"https:\/\/biblioteka.sulejow.pl\/index.php?rest_route=%2Fwp%2Fv2%2Ftags&post=873"}],"curies":[{"name":"wp","href":"https:\/\/api.w.org\/{rel}","templated":true}]}}