{"id":891,"date":"2024-11-16T20:27:01","date_gmt":"2024-11-16T20:27:01","guid":{"rendered":"https:\/\/biblioteka.sulejow.pl\/?p=891"},"modified":"2024-11-16T20:27:01","modified_gmt":"2024-11-16T20:27:01","slug":"warsztaty-bozonarodzeniowe","status":"publish","type":"post","link":"https:\/\/biblioteka.sulejow.pl\/?p=891","title":{"rendered":"Warsztaty Bo\u017conarodzeniowe"},"content":{"rendered":"\n<p>12 listopada w Miejskiej Bibliotece Publicznej w Sulejowie odby\u0142y si\u0119 Warsztaty Bo\u017conarodzeniowe skierowane do senior\u00f3w. Celem spotkania by\u0142o stworzenie wyj\u0105tkowej, \u015bwi\u0105tecznej atmosfery oraz umo\u017cliwienie uczestnikom wsp\u00f3lnej tw\u00f3rczej pracy, kt\u00f3ra pozwoli\u0142a na rozwijanie umiej\u0119tno\u015bci r\u0119kodzielniczych i integracj\u0119 lokalnej spo\u0142eczno\u015bci.<br><br>Podczas warsztat\u00f3w seniorzy mieli okazj\u0119 nauczy\u0107 si\u0119 tworzenia ozd\u00f3b \u015bwi\u0105tecznych, takich jak stroiki, choinki czy bombki. Wykorzystano r\u00f3\u017cnorodne materia\u0142y: ga\u0142\u0105zki, wst\u0105\u017cki, koraliki, jutowe sznurki, w\u0142\u00f3czki i szyszki, co nada\u0142o pracom wyj\u0105tkowy, \u015bwi\u0105teczny charakter.<br><br>W trakcie spotkania uczestnik\u00f3w zaszczyci\u0142a swoj\u0105 obecno\u015bci\u0105 Pani <a href=\"https:\/\/www.facebook.com\/d.jankowska?__cft__%5b0%5d=AZW--9rcD0jRrHCCEA31hyAZmji7oSiMKkDZblTGqcXQ79gul5508g64Hw0PlXZ-u-_1U_MrDFKo1Nq8YgLiMFadx2QKTKYSpPceNEChqgdw8CFkycAKX38zwWQ2P1_C4fP74h5Q0yjUM3n0Kc6BV0k66zQs1FW1XcCeINzC2OOfNBAfW2oFHwV3t-GUzPSOkXY&amp;__tn__=-%5dK-R\">Dorota Jankowska &#8211; Burmistrz Sulejowa<\/a>, kt\u00f3ra aktywnie wzi\u0119\u0142a udzia\u0142 w warsztatach, wykonuj\u0105c w\u0142asn\u0105 ozdob\u0119 \u015bwi\u0105teczn\u0105, tym samym prezentuj\u0105c, jak wa\u017cne jest budowanie wsp\u00f3lnoty oraz wspieranie lokalnych wydarze\u0144, kt\u00f3re sprzyjaj\u0105 aktywizacji mieszka\u0144c\u00f3w gminy Sulej\u00f3w.<br><br>Dzi\u0119ki warsztatom seniorzy nie tylko wykonali pi\u0119kne ozdoby \u015bwi\u0105teczne, ale r\u00f3wnie\u017c sp\u0119dzili czas w ciep\u0142ej, serdecznej atmosferze, czerpi\u0105c rado\u015b\u0107 ze spotkania i wsp\u00f3lnej pracy.<br><br>Dzi\u0119kujemy wszystkim za udzia\u0142 i zaanga\u017cowanie \u2013 mamy nadziej\u0119, \u017ce wsp\u00f3lne przygotowania do \u015awi\u0105t Bo\u017cego Narodzenia stan\u0105 si\u0119 now\u0105, pi\u0119kn\u0105 tradycj\u0105 naszej biblioteki.<\/p>\n\n\n\n<figure class=\"wp-block-gallery has-nested-images columns-default is-cropped wp-block-gallery-1 is-layout-flex wp-block-gallery-is-layout-flex\">\n<figure class=\"wp-block-image size-large\"><a href=\"https:\/\/biblioteka.sulejow.pl\/wpmbps\/wp-content\/uploads\/2024\/11\/Kilka-kobiet-tworzy-ozdoby-swiateczne.jpg\"><img loading=\"lazy\" decoding=\"async\" width=\"913\" height=\"768\" data-id=\"892\" src=\"https:\/\/biblioteka.sulejow.pl\/wpmbps\/wp-content\/uploads\/2024\/11\/Kilka-kobiet-tworzy-ozdoby-swiateczne.jpg\" alt=\"\" class=\"wp-image-892\" srcset=\"https:\/\/biblioteka.sulejow.pl\/wpmbps\/wp-content\/uploads\/2024\/11\/Kilka-kobiet-tworzy-ozdoby-swiateczne.jpg 913w, https:\/\/biblioteka.sulejow.pl\/wpmbps\/wp-content\/uploads\/2024\/11\/Kilka-kobiet-tworzy-ozdoby-swiateczne-300x252.jpg 300w, https:\/\/biblioteka.sulejow.pl\/wpmbps\/wp-content\/uploads\/2024\/11\/Kilka-kobiet-tworzy-ozdoby-swiateczne-768x646.jpg 768w\" sizes=\"auto, (max-width: 913px) 100vw, 913px\" \/><\/a><\/figure>\n\n\n\n<figure class=\"wp-block-image size-large\"><a href=\"https:\/\/biblioteka.sulejow.pl\/wpmbps\/wp-content\/uploads\/2024\/11\/Kobiety-siedza-przy-stolach-z-wlasnorecznie-wykonanymi-ozdobami-bozonarodzeniowymi.jpg\"><img loading=\"lazy\" decoding=\"async\" width=\"983\" height=\"768\" data-id=\"897\" src=\"https:\/\/biblioteka.sulejow.pl\/wpmbps\/wp-content\/uploads\/2024\/11\/Kobiety-siedza-przy-stolach-z-wlasnorecznie-wykonanymi-ozdobami-bozonarodzeniowymi.jpg\" alt=\"\" class=\"wp-image-897\" srcset=\"https:\/\/biblioteka.sulejow.pl\/wpmbps\/wp-content\/uploads\/2024\/11\/Kobiety-siedza-przy-stolach-z-wlasnorecznie-wykonanymi-ozdobami-bozonarodzeniowymi.jpg 983w, https:\/\/biblioteka.sulejow.pl\/wpmbps\/wp-content\/uploads\/2024\/11\/Kobiety-siedza-przy-stolach-z-wlasnorecznie-wykonanymi-ozdobami-bozonarodzeniowymi-300x234.jpg 300w, https:\/\/biblioteka.sulejow.pl\/wpmbps\/wp-content\/uploads\/2024\/11\/Kobiety-siedza-przy-stolach-z-wlasnorecznie-wykonanymi-ozdobami-bozonarodzeniowymi-768x600.jpg 768w\" sizes=\"auto, (max-width: 983px) 100vw, 983px\" \/><\/a><\/figure>\n\n\n\n<figure class=\"wp-block-image size-large\"><a href=\"https:\/\/biblioteka.sulejow.pl\/wpmbps\/wp-content\/uploads\/2024\/11\/Na-pierwszym-planie-jedna-z-ozdob-ktora-powstaje-na-warsztatach.-W-tle-kobiety.-2.jpg\"><img loading=\"lazy\" decoding=\"async\" width=\"768\" height=\"1024\" data-id=\"894\" src=\"https:\/\/biblioteka.sulejow.pl\/wpmbps\/wp-content\/uploads\/2024\/11\/Na-pierwszym-planie-jedna-z-ozdob-ktora-powstaje-na-warsztatach.-W-tle-kobiety.-2.jpg\" alt=\"\" class=\"wp-image-894\" srcset=\"https:\/\/biblioteka.sulejow.pl\/wpmbps\/wp-content\/uploads\/2024\/11\/Na-pierwszym-planie-jedna-z-ozdob-ktora-powstaje-na-warsztatach.-W-tle-kobiety.-2.jpg 768w, https:\/\/biblioteka.sulejow.pl\/wpmbps\/wp-content\/uploads\/2024\/11\/Na-pierwszym-planie-jedna-z-ozdob-ktora-powstaje-na-warsztatach.-W-tle-kobiety.-2-225x300.jpg 225w\" sizes=\"auto, (max-width: 768px) 100vw, 768px\" \/><\/a><\/figure>\n\n\n\n<figure class=\"wp-block-image size-large\"><a href=\"https:\/\/biblioteka.sulejow.pl\/wpmbps\/wp-content\/uploads\/2024\/11\/Na-pierwszym-planie-jedna-z-ozdob-ktora-powstaje-na-warsztatach.-W-tle-kobiety.jpg\"><img loading=\"lazy\" decoding=\"async\" width=\"768\" height=\"1024\" data-id=\"895\" src=\"https:\/\/biblioteka.sulejow.pl\/wpmbps\/wp-content\/uploads\/2024\/11\/Na-pierwszym-planie-jedna-z-ozdob-ktora-powstaje-na-warsztatach.-W-tle-kobiety.jpg\" alt=\"\" class=\"wp-image-895\" srcset=\"https:\/\/biblioteka.sulejow.pl\/wpmbps\/wp-content\/uploads\/2024\/11\/Na-pierwszym-planie-jedna-z-ozdob-ktora-powstaje-na-warsztatach.-W-tle-kobiety.jpg 768w, https:\/\/biblioteka.sulejow.pl\/wpmbps\/wp-content\/uploads\/2024\/11\/Na-pierwszym-planie-jedna-z-ozdob-ktora-powstaje-na-warsztatach.-W-tle-kobiety-225x300.jpg 225w\" sizes=\"auto, (max-width: 768px) 100vw, 768px\" \/><\/a><\/figure>\n\n\n\n<figure class=\"wp-block-image size-large\"><a href=\"https:\/\/biblioteka.sulejow.pl\/wpmbps\/wp-content\/uploads\/2024\/11\/Trzy-usmiechniete-kobiety-stoja-i-pokazuja-choinki-ktore-zrobily-na-warsztatach.jpg\"><img loading=\"lazy\" decoding=\"async\" width=\"1024\" height=\"764\" data-id=\"899\" src=\"https:\/\/biblioteka.sulejow.pl\/wpmbps\/wp-content\/uploads\/2024\/11\/Trzy-usmiechniete-kobiety-stoja-i-pokazuja-choinki-ktore-zrobily-na-warsztatach.jpg\" alt=\"\" class=\"wp-image-899\" srcset=\"https:\/\/biblioteka.sulejow.pl\/wpmbps\/wp-content\/uploads\/2024\/11\/Trzy-usmiechniete-kobiety-stoja-i-pokazuja-choinki-ktore-zrobily-na-warsztatach.jpg 1024w, https:\/\/biblioteka.sulejow.pl\/wpmbps\/wp-content\/uploads\/2024\/11\/Trzy-usmiechniete-kobiety-stoja-i-pokazuja-choinki-ktore-zrobily-na-warsztatach-300x224.jpg 300w, https:\/\/biblioteka.sulejow.pl\/wpmbps\/wp-content\/uploads\/2024\/11\/Trzy-usmiechniete-kobiety-stoja-i-pokazuja-choinki-ktore-zrobily-na-warsztatach-768x573.jpg 768w\" sizes=\"auto, (max-width: 1024px) 100vw, 1024px\" \/><\/a><\/figure>\n\n\n\n<figure class=\"wp-block-image size-large\"><a href=\"https:\/\/biblioteka.sulejow.pl\/wpmbps\/wp-content\/uploads\/2024\/11\/Uczestniczki-spotkania-tworza-ozdoby.jpg\"><img loading=\"lazy\" decoding=\"async\" width=\"768\" height=\"1024\" data-id=\"893\" src=\"https:\/\/biblioteka.sulejow.pl\/wpmbps\/wp-content\/uploads\/2024\/11\/Uczestniczki-spotkania-tworza-ozdoby.jpg\" alt=\"\" class=\"wp-image-893\" srcset=\"https:\/\/biblioteka.sulejow.pl\/wpmbps\/wp-content\/uploads\/2024\/11\/Uczestniczki-spotkania-tworza-ozdoby.jpg 768w, https:\/\/biblioteka.sulejow.pl\/wpmbps\/wp-content\/uploads\/2024\/11\/Uczestniczki-spotkania-tworza-ozdoby-225x300.jpg 225w\" sizes=\"auto, (max-width: 768px) 100vw, 768px\" \/><\/a><\/figure>\n\n\n\n<figure class=\"wp-block-image size-large\"><a href=\"https:\/\/biblioteka.sulejow.pl\/wpmbps\/wp-content\/uploads\/2024\/11\/Uczestniczki-warsztatow-bozonarodzeniowych-tworza-wlasne-ozdoby-swiateczne.jpg\"><img loading=\"lazy\" decoding=\"async\" width=\"993\" height=\"768\" data-id=\"898\" src=\"https:\/\/biblioteka.sulejow.pl\/wpmbps\/wp-content\/uploads\/2024\/11\/Uczestniczki-warsztatow-bozonarodzeniowych-tworza-wlasne-ozdoby-swiateczne.jpg\" alt=\"\" class=\"wp-image-898\" srcset=\"https:\/\/biblioteka.sulejow.pl\/wpmbps\/wp-content\/uploads\/2024\/11\/Uczestniczki-warsztatow-bozonarodzeniowych-tworza-wlasne-ozdoby-swiateczne.jpg 993w, https:\/\/biblioteka.sulejow.pl\/wpmbps\/wp-content\/uploads\/2024\/11\/Uczestniczki-warsztatow-bozonarodzeniowych-tworza-wlasne-ozdoby-swiateczne-300x232.jpg 300w, https:\/\/biblioteka.sulejow.pl\/wpmbps\/wp-content\/uploads\/2024\/11\/Uczestniczki-warsztatow-bozonarodzeniowych-tworza-wlasne-ozdoby-swiateczne-768x594.jpg 768w\" sizes=\"auto, (max-width: 993px) 100vw, 993px\" \/><\/a><\/figure>\n\n\n\n<figure class=\"wp-block-image size-large\"><a href=\"https:\/\/biblioteka.sulejow.pl\/wpmbps\/wp-content\/uploads\/2024\/11\/Warsztaty-bozonarodzeniowe-w-czytelni-sulejowskiej-biblioteki.jpg\"><img loading=\"lazy\" decoding=\"async\" width=\"994\" height=\"768\" data-id=\"896\" src=\"https:\/\/biblioteka.sulejow.pl\/wpmbps\/wp-content\/uploads\/2024\/11\/Warsztaty-bozonarodzeniowe-w-czytelni-sulejowskiej-biblioteki.jpg\" alt=\"\" class=\"wp-image-896\" srcset=\"https:\/\/biblioteka.sulejow.pl\/wpmbps\/wp-content\/uploads\/2024\/11\/Warsztaty-bozonarodzeniowe-w-czytelni-sulejowskiej-biblioteki.jpg 994w, https:\/\/biblioteka.sulejow.pl\/wpmbps\/wp-content\/uploads\/2024\/11\/Warsztaty-bozonarodzeniowe-w-czytelni-sulejowskiej-biblioteki-300x232.jpg 300w, https:\/\/biblioteka.sulejow.pl\/wpmbps\/wp-content\/uploads\/2024\/11\/Warsztaty-bozonarodzeniowe-w-czytelni-sulejowskiej-biblioteki-768x593.jpg 768w\" sizes=\"auto, (max-width: 994px) 100vw, 994px\" \/><\/a><\/figure>\n<\/figure>\n","protected":false},"excerpt":{"rendered":"<p>12 listopada w Miejskiej Bibliotece Publicznej w Sulejowie odby\u0142y si\u0119 Warsztaty Bo\u017conarodzeniowe skierowane do senior\u00f3w. Celem spotkania by\u0142o stworzenie wyj\u0105tkowej, \u015bwi\u0105tecznej atmosfery oraz umo\u017cliwienie uczestnikom wsp\u00f3lnej tw\u00f3rczej pracy, kt\u00f3ra pozwoli\u0142a na rozwijanie umiej\u0119tno\u015bci r\u0119kodzielniczych i integracj\u0119 lokalnej spo\u0142eczno\u015bci. Podczas warsztat\u00f3w seniorzy mieli okazj\u0119 nauczy\u0107 si\u0119 tworzenia ozd\u00f3b \u015bwi\u0105tecznych, takich jak stroiki, choinki czy bombki. Wykorzystano [&hellip;]<\/p>\n","protected":false},"author":1,"featured_media":0,"comment_status":"closed","ping_status":"","sticky":false,"template":"","format":"standard","meta":{"zakra_page_container_layout":"customizer","zakra_page_sidebar_layout":"customizer","zakra_remove_content_margin":false,"zakra_sidebar":"customizer","zakra_transparent_header":"customizer","zakra_logo":0,"zakra_main_header_style":"default","zakra_menu_item_color":"","zakra_menu_item_hover_color":"","zakra_menu_item_active_color":"","zakra_menu_active_style":"","zakra_page_header":true,"footnotes":"","_links_to":"","_links_to_target":""},"categories":[4],"tags":[],"class_list":["post-891","post","type-post","status-publish","format-standard","hentry","category-aktualnosci-2024"],"_links":{"self":[{"href":"https:\/\/biblioteka.sulejow.pl\/index.php?rest_route=\/wp\/v2\/posts\/891","targetHints":{"allow":["GET"]}}],"collection":[{"href":"https:\/\/biblioteka.sulejow.pl\/index.php?rest_route=\/wp\/v2\/posts"}],"about":[{"href":"https:\/\/biblioteka.sulejow.pl\/index.php?rest_route=\/wp\/v2\/types\/post"}],"author":[{"embeddable":true,"href":"https:\/\/biblioteka.sulejow.pl\/index.php?rest_route=\/wp\/v2\/users\/1"}],"replies":[{"embeddable":true,"href":"https:\/\/biblioteka.sulejow.pl\/index.php?rest_route=%2Fwp%2Fv2%2Fcomments&post=891"}],"version-history":[{"count":1,"href":"https:\/\/biblioteka.sulejow.pl\/index.php?rest_route=\/wp\/v2\/posts\/891\/revisions"}],"predecessor-version":[{"id":900,"href":"https:\/\/biblioteka.sulejow.pl\/index.php?rest_route=\/wp\/v2\/posts\/891\/revisions\/900"}],"wp:attachment":[{"href":"https:\/\/biblioteka.sulejow.pl\/index.php?rest_route=%2Fwp%2Fv2%2Fmedia&parent=891"}],"wp:term":[{"taxonomy":"category","embeddable":true,"href":"https:\/\/biblioteka.sulejow.pl\/index.php?rest_route=%2Fwp%2Fv2%2Fcategories&post=891"},{"taxonomy":"post_tag","embeddable":true,"href":"https:\/\/biblioteka.sulejow.pl\/index.php?rest_route=%2Fwp%2Fv2%2Ftags&post=891"}],"curies":[{"name":"wp","href":"https:\/\/api.w.org\/{rel}","templated":true}]}}