{"id":901,"date":"2024-11-16T20:30:55","date_gmt":"2024-11-16T20:30:55","guid":{"rendered":"https:\/\/biblioteka.sulejow.pl\/?p=901"},"modified":"2024-11-16T20:30:55","modified_gmt":"2024-11-16T20:30:55","slug":"mala-ksiazka-w-drodze-warsztaty-czytelnicze","status":"publish","type":"post","link":"https:\/\/biblioteka.sulejow.pl\/?p=901","title":{"rendered":"Ma\u0142a ksi\u0105\u017cka w drodze! &#8211; warsztaty czytelnicze"},"content":{"rendered":"\n<p>Wczoraj, 13 listopada, w naszej ksi\u0105\u017cnicy odby\u0142y si\u0119 wyj\u0105tkowe warsztaty czytelnicze dla dzieci, kt\u00f3re poprowadzi\u0142 pan Krystian Truchalski \u2013 artysta, muzyk, terapeuta i ambasador literatury dzieci\u0119cej z Instytutu Ksi\u0105\u017cki. Warsztaty, odbywaj\u0105ce si\u0119 pod nazw\u0105 \u201eMa\u0142a ksi\u0105\u017cka w drodze!\u201d, stanowi\u0142y wa\u017cny punkt na og\u00f3lnopolskiej trasie projektu \u201eMa\u0142a ksi\u0105\u017cka \u2013 wielki cz\u0142owiek\u201d, kt\u00f3ry ma na celu rozbudzanie pasji do literatury od najm\u0142odszych lat.<br><br>Podczas spotkania pan Krystian w niezwyk\u0142y spos\u00f3b opowiedzia\u0142 dzieciom histori\u0119 \u201eWnuczka antykwariusza\u201d autorstwa Justyny Bednarek. M\u0142odzi uczestnicy z zainteresowaniem s\u0142uchali opowie\u015bci, pozwalaj\u0105c si\u0119 porwa\u0107 w fascynuj\u0105cy \u015bwiat ksi\u0105\u017cki, a przy tym rozbudzali swoj\u0105 wyobra\u017ani\u0119 oraz mi\u0142o\u015b\u0107 do czytania. Spotkanie by\u0142o pe\u0142ne \u015bmiechu, emocji i inspiruj\u0105cych rozm\u00f3w, a ka\u017cde dziecko mog\u0142o poczu\u0107 si\u0119 wyj\u0105tkowo, staj\u0105c si\u0119 cz\u0119\u015bci\u0105 tej magicznej podr\u00f3\u017cy przez literatur\u0119.<br><br>Dzi\u0119kujemy serdecznie panu Krystianowi za przybycie i stworzenie tak cudownej atmosfery, a wszystkim dzieciom za uczestnictwo.<\/p>\n\n\n\n<figure class=\"wp-block-gallery has-nested-images columns-default is-cropped wp-block-gallery-1 is-layout-flex wp-block-gallery-is-layout-flex\">\n<figure class=\"wp-block-image size-large\"><a href=\"https:\/\/biblioteka.sulejow.pl\/wpmbps\/wp-content\/uploads\/2024\/11\/Dzieci-aktywnie-uczestnicza-w-spotkaniu-nasladujac-ruchy-prowadzacego.jpg\"><img loading=\"lazy\" decoding=\"async\" width=\"1024\" height=\"768\" data-id=\"902\" src=\"https:\/\/biblioteka.sulejow.pl\/wpmbps\/wp-content\/uploads\/2024\/11\/Dzieci-aktywnie-uczestnicza-w-spotkaniu-nasladujac-ruchy-prowadzacego.jpg\" alt=\"\" class=\"wp-image-902\" srcset=\"https:\/\/biblioteka.sulejow.pl\/wpmbps\/wp-content\/uploads\/2024\/11\/Dzieci-aktywnie-uczestnicza-w-spotkaniu-nasladujac-ruchy-prowadzacego.jpg 1024w, https:\/\/biblioteka.sulejow.pl\/wpmbps\/wp-content\/uploads\/2024\/11\/Dzieci-aktywnie-uczestnicza-w-spotkaniu-nasladujac-ruchy-prowadzacego-300x225.jpg 300w, https:\/\/biblioteka.sulejow.pl\/wpmbps\/wp-content\/uploads\/2024\/11\/Dzieci-aktywnie-uczestnicza-w-spotkaniu-nasladujac-ruchy-prowadzacego-768x576.jpg 768w\" sizes=\"auto, (max-width: 1024px) 100vw, 1024px\" \/><\/a><\/figure>\n\n\n\n<figure class=\"wp-block-image size-large\"><a href=\"https:\/\/biblioteka.sulejow.pl\/wpmbps\/wp-content\/uploads\/2024\/11\/Dzieci-siedza-i-sluchaja-z-zainteresowaniem-opowiesci.jpg\"><img loading=\"lazy\" decoding=\"async\" width=\"1024\" height=\"768\" data-id=\"903\" src=\"https:\/\/biblioteka.sulejow.pl\/wpmbps\/wp-content\/uploads\/2024\/11\/Dzieci-siedza-i-sluchaja-z-zainteresowaniem-opowiesci.jpg\" alt=\"\" class=\"wp-image-903\" srcset=\"https:\/\/biblioteka.sulejow.pl\/wpmbps\/wp-content\/uploads\/2024\/11\/Dzieci-siedza-i-sluchaja-z-zainteresowaniem-opowiesci.jpg 1024w, https:\/\/biblioteka.sulejow.pl\/wpmbps\/wp-content\/uploads\/2024\/11\/Dzieci-siedza-i-sluchaja-z-zainteresowaniem-opowiesci-300x225.jpg 300w, https:\/\/biblioteka.sulejow.pl\/wpmbps\/wp-content\/uploads\/2024\/11\/Dzieci-siedza-i-sluchaja-z-zainteresowaniem-opowiesci-768x576.jpg 768w\" sizes=\"auto, (max-width: 1024px) 100vw, 1024px\" \/><\/a><\/figure>\n\n\n\n<figure class=\"wp-block-image size-large\"><a href=\"https:\/\/biblioteka.sulejow.pl\/wpmbps\/wp-content\/uploads\/2024\/11\/Grupa-dzieci-siedzi-na-matach-i-z-uwaga-sluchaja-opowiesci.jpg\"><img loading=\"lazy\" decoding=\"async\" width=\"1024\" height=\"768\" data-id=\"904\" src=\"https:\/\/biblioteka.sulejow.pl\/wpmbps\/wp-content\/uploads\/2024\/11\/Grupa-dzieci-siedzi-na-matach-i-z-uwaga-sluchaja-opowiesci.jpg\" alt=\"\" class=\"wp-image-904\" srcset=\"https:\/\/biblioteka.sulejow.pl\/wpmbps\/wp-content\/uploads\/2024\/11\/Grupa-dzieci-siedzi-na-matach-i-z-uwaga-sluchaja-opowiesci.jpg 1024w, https:\/\/biblioteka.sulejow.pl\/wpmbps\/wp-content\/uploads\/2024\/11\/Grupa-dzieci-siedzi-na-matach-i-z-uwaga-sluchaja-opowiesci-300x225.jpg 300w, https:\/\/biblioteka.sulejow.pl\/wpmbps\/wp-content\/uploads\/2024\/11\/Grupa-dzieci-siedzi-na-matach-i-z-uwaga-sluchaja-opowiesci-768x576.jpg 768w\" sizes=\"auto, (max-width: 1024px) 100vw, 1024px\" \/><\/a><\/figure>\n\n\n\n<figure class=\"wp-block-image size-large\"><a href=\"https:\/\/biblioteka.sulejow.pl\/wpmbps\/wp-content\/uploads\/2024\/11\/Prowadzacy-stoi-i-gra-na-instrumencie-muzycznym.-Dzieci-stoja-i-wykonuja-cwiczenia-w-rytm-granej-muzyki.jpg\"><img loading=\"lazy\" decoding=\"async\" width=\"1024\" height=\"768\" data-id=\"905\" src=\"https:\/\/biblioteka.sulejow.pl\/wpmbps\/wp-content\/uploads\/2024\/11\/Prowadzacy-stoi-i-gra-na-instrumencie-muzycznym.-Dzieci-stoja-i-wykonuja-cwiczenia-w-rytm-granej-muzyki.jpg\" alt=\"\" class=\"wp-image-905\" srcset=\"https:\/\/biblioteka.sulejow.pl\/wpmbps\/wp-content\/uploads\/2024\/11\/Prowadzacy-stoi-i-gra-na-instrumencie-muzycznym.-Dzieci-stoja-i-wykonuja-cwiczenia-w-rytm-granej-muzyki.jpg 1024w, https:\/\/biblioteka.sulejow.pl\/wpmbps\/wp-content\/uploads\/2024\/11\/Prowadzacy-stoi-i-gra-na-instrumencie-muzycznym.-Dzieci-stoja-i-wykonuja-cwiczenia-w-rytm-granej-muzyki-300x225.jpg 300w, https:\/\/biblioteka.sulejow.pl\/wpmbps\/wp-content\/uploads\/2024\/11\/Prowadzacy-stoi-i-gra-na-instrumencie-muzycznym.-Dzieci-stoja-i-wykonuja-cwiczenia-w-rytm-granej-muzyki-768x576.jpg 768w\" sizes=\"auto, (max-width: 1024px) 100vw, 1024px\" \/><\/a><\/figure>\n\n\n\n<figure class=\"wp-block-image size-large\"><a href=\"https:\/\/biblioteka.sulejow.pl\/wpmbps\/wp-content\/uploads\/2024\/11\/Warsztaty-czytelnicze-dla-dzieci.-Dzieci-siedza-na-matach-i-odpowiadaja-na-pytania-prowadzacego.jpg\"><img loading=\"lazy\" decoding=\"async\" width=\"1024\" height=\"768\" data-id=\"906\" src=\"https:\/\/biblioteka.sulejow.pl\/wpmbps\/wp-content\/uploads\/2024\/11\/Warsztaty-czytelnicze-dla-dzieci.-Dzieci-siedza-na-matach-i-odpowiadaja-na-pytania-prowadzacego.jpg\" alt=\"\" class=\"wp-image-906\" srcset=\"https:\/\/biblioteka.sulejow.pl\/wpmbps\/wp-content\/uploads\/2024\/11\/Warsztaty-czytelnicze-dla-dzieci.-Dzieci-siedza-na-matach-i-odpowiadaja-na-pytania-prowadzacego.jpg 1024w, https:\/\/biblioteka.sulejow.pl\/wpmbps\/wp-content\/uploads\/2024\/11\/Warsztaty-czytelnicze-dla-dzieci.-Dzieci-siedza-na-matach-i-odpowiadaja-na-pytania-prowadzacego-300x225.jpg 300w, https:\/\/biblioteka.sulejow.pl\/wpmbps\/wp-content\/uploads\/2024\/11\/Warsztaty-czytelnicze-dla-dzieci.-Dzieci-siedza-na-matach-i-odpowiadaja-na-pytania-prowadzacego-768x576.jpg 768w\" sizes=\"auto, (max-width: 1024px) 100vw, 1024px\" \/><\/a><\/figure>\n\n\n\n<figure class=\"wp-block-image size-large\"><a href=\"https:\/\/biblioteka.sulejow.pl\/wpmbps\/wp-content\/uploads\/2024\/11\/Zdjecie-grupowe-uczestnikow-warsztatow-i-prowadzacego-spotkanie.-Czesc-osob-stoi-a-czesc-osob-siedzi-badz-jest-w-pozycji-pollezacej.jpg\"><img loading=\"lazy\" decoding=\"async\" width=\"1024\" height=\"654\" data-id=\"907\" src=\"https:\/\/biblioteka.sulejow.pl\/wpmbps\/wp-content\/uploads\/2024\/11\/Zdjecie-grupowe-uczestnikow-warsztatow-i-prowadzacego-spotkanie.-Czesc-osob-stoi-a-czesc-osob-siedzi-badz-jest-w-pozycji-pollezacej.jpg\" alt=\"\" class=\"wp-image-907\" srcset=\"https:\/\/biblioteka.sulejow.pl\/wpmbps\/wp-content\/uploads\/2024\/11\/Zdjecie-grupowe-uczestnikow-warsztatow-i-prowadzacego-spotkanie.-Czesc-osob-stoi-a-czesc-osob-siedzi-badz-jest-w-pozycji-pollezacej.jpg 1024w, https:\/\/biblioteka.sulejow.pl\/wpmbps\/wp-content\/uploads\/2024\/11\/Zdjecie-grupowe-uczestnikow-warsztatow-i-prowadzacego-spotkanie.-Czesc-osob-stoi-a-czesc-osob-siedzi-badz-jest-w-pozycji-pollezacej-300x192.jpg 300w, https:\/\/biblioteka.sulejow.pl\/wpmbps\/wp-content\/uploads\/2024\/11\/Zdjecie-grupowe-uczestnikow-warsztatow-i-prowadzacego-spotkanie.-Czesc-osob-stoi-a-czesc-osob-siedzi-badz-jest-w-pozycji-pollezacej-768x491.jpg 768w\" sizes=\"auto, (max-width: 1024px) 100vw, 1024px\" \/><\/a><\/figure>\n<\/figure>\n","protected":false},"excerpt":{"rendered":"<p>Wczoraj, 13 listopada, w naszej ksi\u0105\u017cnicy odby\u0142y si\u0119 wyj\u0105tkowe warsztaty czytelnicze dla dzieci, kt\u00f3re poprowadzi\u0142 pan Krystian Truchalski \u2013 artysta, muzyk, terapeuta i ambasador literatury dzieci\u0119cej z Instytutu Ksi\u0105\u017cki. Warsztaty, odbywaj\u0105ce si\u0119 pod nazw\u0105 \u201eMa\u0142a ksi\u0105\u017cka w drodze!\u201d, stanowi\u0142y wa\u017cny punkt na og\u00f3lnopolskiej trasie projektu \u201eMa\u0142a ksi\u0105\u017cka \u2013 wielki cz\u0142owiek\u201d, kt\u00f3ry ma na celu rozbudzanie [&hellip;]<\/p>\n","protected":false},"author":1,"featured_media":0,"comment_status":"closed","ping_status":"","sticky":false,"template":"","format":"standard","meta":{"zakra_page_container_layout":"customizer","zakra_page_sidebar_layout":"customizer","zakra_remove_content_margin":false,"zakra_sidebar":"customizer","zakra_transparent_header":"customizer","zakra_logo":0,"zakra_main_header_style":"default","zakra_menu_item_color":"","zakra_menu_item_hover_color":"","zakra_menu_item_active_color":"","zakra_menu_active_style":"","zakra_page_header":true,"footnotes":"","_links_to":"","_links_to_target":""},"categories":[4],"tags":[],"class_list":["post-901","post","type-post","status-publish","format-standard","hentry","category-aktualnosci-2024"],"_links":{"self":[{"href":"https:\/\/biblioteka.sulejow.pl\/index.php?rest_route=\/wp\/v2\/posts\/901","targetHints":{"allow":["GET"]}}],"collection":[{"href":"https:\/\/biblioteka.sulejow.pl\/index.php?rest_route=\/wp\/v2\/posts"}],"about":[{"href":"https:\/\/biblioteka.sulejow.pl\/index.php?rest_route=\/wp\/v2\/types\/post"}],"author":[{"embeddable":true,"href":"https:\/\/biblioteka.sulejow.pl\/index.php?rest_route=\/wp\/v2\/users\/1"}],"replies":[{"embeddable":true,"href":"https:\/\/biblioteka.sulejow.pl\/index.php?rest_route=%2Fwp%2Fv2%2Fcomments&post=901"}],"version-history":[{"count":1,"href":"https:\/\/biblioteka.sulejow.pl\/index.php?rest_route=\/wp\/v2\/posts\/901\/revisions"}],"predecessor-version":[{"id":908,"href":"https:\/\/biblioteka.sulejow.pl\/index.php?rest_route=\/wp\/v2\/posts\/901\/revisions\/908"}],"wp:attachment":[{"href":"https:\/\/biblioteka.sulejow.pl\/index.php?rest_route=%2Fwp%2Fv2%2Fmedia&parent=901"}],"wp:term":[{"taxonomy":"category","embeddable":true,"href":"https:\/\/biblioteka.sulejow.pl\/index.php?rest_route=%2Fwp%2Fv2%2Fcategories&post=901"},{"taxonomy":"post_tag","embeddable":true,"href":"https:\/\/biblioteka.sulejow.pl\/index.php?rest_route=%2Fwp%2Fv2%2Ftags&post=901"}],"curies":[{"name":"wp","href":"https:\/\/api.w.org\/{rel}","templated":true}]}}