{"id":909,"date":"2024-11-24T09:06:36","date_gmt":"2024-11-24T09:06:36","guid":{"rendered":"https:\/\/biblioteka.sulejow.pl\/?p=909"},"modified":"2024-11-24T09:06:36","modified_gmt":"2024-11-24T09:06:36","slug":"jesienne-wierszowanie","status":"publish","type":"post","link":"https:\/\/biblioteka.sulejow.pl\/?p=909","title":{"rendered":"\u201eJesienne wierszowanie\u201d"},"content":{"rendered":"\n<p>\u201eJesienne wierszowanie\u201d to tytu\u0142 spotkania, kt\u00f3re mia\u0142o miejsce 13 listopada w grupie 5-latk\u00f3w Niepublicznego Przedszkola \u201eU\u015bmiech Dziecka\u201d we W\u0142odzimierzowie. Bibliotekarz Filii Bibliotecznej w Przyg\u0142owie odwiedzi\u0142 grup\u0119 \u201eZuch\u00f3w\u201d i zgodnie z panuj\u0105c\u0105 por\u0105 roku przeczyta\u0142 dzieciom kilka wierszy o jesieni. G\u0142o\u015bne czytanie wsparte o wsp\u00f3lne wykonanie plakatu cieszy\u0142o si\u0119 du\u017cym zainteresowaniem. Przedszkolaki z uwag\u0105 s\u0142ucha\u0142y i ogl\u0105da\u0142y ksi\u0105\u017cki. Podczas spotkania bibliotekarz tak\u017ce promowa\u0142 projekt dla dzieci w wieku przedszkolnym pt. \u201eMa\u0142a ksi\u0105\u017cka, wielki cz\u0142owiek\u201d. Wsp\u00f3lne podzi\u0119kowania i wymiana upomink\u00f3w by\u0142y mi\u0142ym zako\u0144czeniem jesiennego spotkania.<\/p>\n\n\n\n<figure class=\"wp-block-gallery has-nested-images columns-default is-cropped wp-block-gallery-1 is-layout-flex wp-block-gallery-is-layout-flex\">\n<figure class=\"wp-block-image size-large\"><a href=\"https:\/\/biblioteka.sulejow.pl\/wpmbps\/wp-content\/uploads\/2024\/11\/4.-Bibliotekarz-prezentuje-gotowa-prace.jpg\"><img loading=\"lazy\" decoding=\"async\" width=\"1024\" height=\"768\" data-id=\"911\" src=\"https:\/\/biblioteka.sulejow.pl\/wpmbps\/wp-content\/uploads\/2024\/11\/4.-Bibliotekarz-prezentuje-gotowa-prace.jpg\" alt=\"\" class=\"wp-image-911\" srcset=\"https:\/\/biblioteka.sulejow.pl\/wpmbps\/wp-content\/uploads\/2024\/11\/4.-Bibliotekarz-prezentuje-gotowa-prace.jpg 1024w, https:\/\/biblioteka.sulejow.pl\/wpmbps\/wp-content\/uploads\/2024\/11\/4.-Bibliotekarz-prezentuje-gotowa-prace-300x225.jpg 300w, https:\/\/biblioteka.sulejow.pl\/wpmbps\/wp-content\/uploads\/2024\/11\/4.-Bibliotekarz-prezentuje-gotowa-prace-768x576.jpg 768w\" sizes=\"auto, (max-width: 1024px) 100vw, 1024px\" \/><\/a><\/figure>\n\n\n\n<figure class=\"wp-block-image size-large\"><a href=\"https:\/\/biblioteka.sulejow.pl\/wpmbps\/wp-content\/uploads\/2024\/11\/5.-Bibliotekarz-zacheca-do-udzialu-w-projekcie-Mala-ksiazka-wielki-czlowiek.jpg\"><img loading=\"lazy\" decoding=\"async\" width=\"1024\" height=\"768\" data-id=\"913\" src=\"https:\/\/biblioteka.sulejow.pl\/wpmbps\/wp-content\/uploads\/2024\/11\/5.-Bibliotekarz-zacheca-do-udzialu-w-projekcie-Mala-ksiazka-wielki-czlowiek.jpg\" alt=\"\" class=\"wp-image-913\" srcset=\"https:\/\/biblioteka.sulejow.pl\/wpmbps\/wp-content\/uploads\/2024\/11\/5.-Bibliotekarz-zacheca-do-udzialu-w-projekcie-Mala-ksiazka-wielki-czlowiek.jpg 1024w, https:\/\/biblioteka.sulejow.pl\/wpmbps\/wp-content\/uploads\/2024\/11\/5.-Bibliotekarz-zacheca-do-udzialu-w-projekcie-Mala-ksiazka-wielki-czlowiek-300x225.jpg 300w, https:\/\/biblioteka.sulejow.pl\/wpmbps\/wp-content\/uploads\/2024\/11\/5.-Bibliotekarz-zacheca-do-udzialu-w-projekcie-Mala-ksiazka-wielki-czlowiek-768x576.jpg 768w\" sizes=\"auto, (max-width: 1024px) 100vw, 1024px\" \/><\/a><\/figure>\n\n\n\n<figure class=\"wp-block-image size-large\"><a href=\"https:\/\/biblioteka.sulejow.pl\/wpmbps\/wp-content\/uploads\/2024\/11\/6.-Zdjecie-grupowe-bibliotekarza-z-przedszkolakami.jpg\"><img loading=\"lazy\" decoding=\"async\" width=\"1024\" height=\"768\" data-id=\"910\" src=\"https:\/\/biblioteka.sulejow.pl\/wpmbps\/wp-content\/uploads\/2024\/11\/6.-Zdjecie-grupowe-bibliotekarza-z-przedszkolakami.jpg\" alt=\"\" class=\"wp-image-910\" srcset=\"https:\/\/biblioteka.sulejow.pl\/wpmbps\/wp-content\/uploads\/2024\/11\/6.-Zdjecie-grupowe-bibliotekarza-z-przedszkolakami.jpg 1024w, https:\/\/biblioteka.sulejow.pl\/wpmbps\/wp-content\/uploads\/2024\/11\/6.-Zdjecie-grupowe-bibliotekarza-z-przedszkolakami-300x225.jpg 300w, https:\/\/biblioteka.sulejow.pl\/wpmbps\/wp-content\/uploads\/2024\/11\/6.-Zdjecie-grupowe-bibliotekarza-z-przedszkolakami-768x576.jpg 768w\" sizes=\"auto, (max-width: 1024px) 100vw, 1024px\" \/><\/a><\/figure>\n\n\n\n<figure class=\"wp-block-image size-large\"><a href=\"https:\/\/biblioteka.sulejow.pl\/wpmbps\/wp-content\/uploads\/2024\/11\/1.-Bibliotekarz-czyta-dzieciom-wiersze-o-jesieni.jpg\"><img loading=\"lazy\" decoding=\"async\" width=\"1024\" height=\"768\" data-id=\"912\" src=\"https:\/\/biblioteka.sulejow.pl\/wpmbps\/wp-content\/uploads\/2024\/11\/1.-Bibliotekarz-czyta-dzieciom-wiersze-o-jesieni.jpg\" alt=\"\" class=\"wp-image-912\" srcset=\"https:\/\/biblioteka.sulejow.pl\/wpmbps\/wp-content\/uploads\/2024\/11\/1.-Bibliotekarz-czyta-dzieciom-wiersze-o-jesieni.jpg 1024w, https:\/\/biblioteka.sulejow.pl\/wpmbps\/wp-content\/uploads\/2024\/11\/1.-Bibliotekarz-czyta-dzieciom-wiersze-o-jesieni-300x225.jpg 300w, https:\/\/biblioteka.sulejow.pl\/wpmbps\/wp-content\/uploads\/2024\/11\/1.-Bibliotekarz-czyta-dzieciom-wiersze-o-jesieni-768x576.jpg 768w\" sizes=\"auto, (max-width: 1024px) 100vw, 1024px\" \/><\/a><\/figure>\n\n\n\n<figure class=\"wp-block-image size-large\"><a href=\"https:\/\/biblioteka.sulejow.pl\/wpmbps\/wp-content\/uploads\/2024\/11\/2.-Przedszkolaki-ogladaja-ksiazki-z-wierszami-o-jesieni.jpg\"><img loading=\"lazy\" decoding=\"async\" width=\"1024\" height=\"768\" data-id=\"914\" src=\"https:\/\/biblioteka.sulejow.pl\/wpmbps\/wp-content\/uploads\/2024\/11\/2.-Przedszkolaki-ogladaja-ksiazki-z-wierszami-o-jesieni.jpg\" alt=\"\" class=\"wp-image-914\" srcset=\"https:\/\/biblioteka.sulejow.pl\/wpmbps\/wp-content\/uploads\/2024\/11\/2.-Przedszkolaki-ogladaja-ksiazki-z-wierszami-o-jesieni.jpg 1024w, https:\/\/biblioteka.sulejow.pl\/wpmbps\/wp-content\/uploads\/2024\/11\/2.-Przedszkolaki-ogladaja-ksiazki-z-wierszami-o-jesieni-300x225.jpg 300w, https:\/\/biblioteka.sulejow.pl\/wpmbps\/wp-content\/uploads\/2024\/11\/2.-Przedszkolaki-ogladaja-ksiazki-z-wierszami-o-jesieni-768x576.jpg 768w\" sizes=\"auto, (max-width: 1024px) 100vw, 1024px\" \/><\/a><\/figure>\n\n\n\n<figure class=\"wp-block-image size-large\"><a href=\"https:\/\/biblioteka.sulejow.pl\/wpmbps\/wp-content\/uploads\/2024\/11\/3.-Dzieci-uzupelniaja-tematyczny-plakat.jpg\"><img loading=\"lazy\" decoding=\"async\" width=\"1024\" height=\"768\" data-id=\"915\" src=\"https:\/\/biblioteka.sulejow.pl\/wpmbps\/wp-content\/uploads\/2024\/11\/3.-Dzieci-uzupelniaja-tematyczny-plakat.jpg\" alt=\"\" class=\"wp-image-915\" srcset=\"https:\/\/biblioteka.sulejow.pl\/wpmbps\/wp-content\/uploads\/2024\/11\/3.-Dzieci-uzupelniaja-tematyczny-plakat.jpg 1024w, https:\/\/biblioteka.sulejow.pl\/wpmbps\/wp-content\/uploads\/2024\/11\/3.-Dzieci-uzupelniaja-tematyczny-plakat-300x225.jpg 300w, https:\/\/biblioteka.sulejow.pl\/wpmbps\/wp-content\/uploads\/2024\/11\/3.-Dzieci-uzupelniaja-tematyczny-plakat-768x576.jpg 768w\" sizes=\"auto, (max-width: 1024px) 100vw, 1024px\" \/><\/a><\/figure>\n<\/figure>\n","protected":false},"excerpt":{"rendered":"<p>\u201eJesienne wierszowanie\u201d to tytu\u0142 spotkania, kt\u00f3re mia\u0142o miejsce 13 listopada w grupie 5-latk\u00f3w Niepublicznego Przedszkola \u201eU\u015bmiech Dziecka\u201d we W\u0142odzimierzowie. Bibliotekarz Filii Bibliotecznej w Przyg\u0142owie odwiedzi\u0142 grup\u0119 \u201eZuch\u00f3w\u201d i zgodnie z panuj\u0105c\u0105 por\u0105 roku przeczyta\u0142 dzieciom kilka wierszy o jesieni. G\u0142o\u015bne czytanie wsparte o wsp\u00f3lne wykonanie plakatu cieszy\u0142o si\u0119 du\u017cym zainteresowaniem. Przedszkolaki z uwag\u0105 s\u0142ucha\u0142y i [&hellip;]<\/p>\n","protected":false},"author":1,"featured_media":0,"comment_status":"closed","ping_status":"","sticky":false,"template":"","format":"standard","meta":{"zakra_page_container_layout":"customizer","zakra_page_sidebar_layout":"customizer","zakra_remove_content_margin":false,"zakra_sidebar":"customizer","zakra_transparent_header":"customizer","zakra_logo":0,"zakra_main_header_style":"default","zakra_menu_item_color":"","zakra_menu_item_hover_color":"","zakra_menu_item_active_color":"","zakra_menu_active_style":"","zakra_page_header":true,"footnotes":"","_links_to":"","_links_to_target":""},"categories":[4],"tags":[],"class_list":["post-909","post","type-post","status-publish","format-standard","hentry","category-aktualnosci-2024"],"_links":{"self":[{"href":"https:\/\/biblioteka.sulejow.pl\/index.php?rest_route=\/wp\/v2\/posts\/909","targetHints":{"allow":["GET"]}}],"collection":[{"href":"https:\/\/biblioteka.sulejow.pl\/index.php?rest_route=\/wp\/v2\/posts"}],"about":[{"href":"https:\/\/biblioteka.sulejow.pl\/index.php?rest_route=\/wp\/v2\/types\/post"}],"author":[{"embeddable":true,"href":"https:\/\/biblioteka.sulejow.pl\/index.php?rest_route=\/wp\/v2\/users\/1"}],"replies":[{"embeddable":true,"href":"https:\/\/biblioteka.sulejow.pl\/index.php?rest_route=%2Fwp%2Fv2%2Fcomments&post=909"}],"version-history":[{"count":1,"href":"https:\/\/biblioteka.sulejow.pl\/index.php?rest_route=\/wp\/v2\/posts\/909\/revisions"}],"predecessor-version":[{"id":916,"href":"https:\/\/biblioteka.sulejow.pl\/index.php?rest_route=\/wp\/v2\/posts\/909\/revisions\/916"}],"wp:attachment":[{"href":"https:\/\/biblioteka.sulejow.pl\/index.php?rest_route=%2Fwp%2Fv2%2Fmedia&parent=909"}],"wp:term":[{"taxonomy":"category","embeddable":true,"href":"https:\/\/biblioteka.sulejow.pl\/index.php?rest_route=%2Fwp%2Fv2%2Fcategories&post=909"},{"taxonomy":"post_tag","embeddable":true,"href":"https:\/\/biblioteka.sulejow.pl\/index.php?rest_route=%2Fwp%2Fv2%2Ftags&post=909"}],"curies":[{"name":"wp","href":"https:\/\/api.w.org\/{rel}","templated":true}]}}