{"id":917,"date":"2024-11-24T09:13:49","date_gmt":"2024-11-24T09:13:49","guid":{"rendered":"https:\/\/biblioteka.sulejow.pl\/?p=917"},"modified":"2024-11-24T09:13:49","modified_gmt":"2024-11-24T09:13:49","slug":"konkurs-recytatorski-w-miejskiej-bibliotece-publicznej-z-okazji-roku-czeslawa-milosza","status":"publish","type":"post","link":"https:\/\/biblioteka.sulejow.pl\/?p=917","title":{"rendered":"Konkurs recytatorski w Miejskiej Bibliotece Publicznej z okazji Roku Czes\u0142awa Mi\u0142osza"},"content":{"rendered":"\n<p>W dniu 19.11.2024 r w Miejskiej Bibliotece Publicznej w Sulejowie odby\u0142 si\u0119 gminny konkurs recytatorski dla uczni\u00f3w szk\u00f3\u0142 podstawowych, zorganizowany z okazji obchod\u00f3w Roku Czes\u0142awa Mi\u0142osza. Wydarzenie zgromadzi\u0142o m\u0142odych mi\u0142o\u015bnik\u00f3w poezji, kt\u00f3rzy zmierzyli si\u0119 z wyzwaniem interpretacji tw\u00f3rczo\u015bci wybitnego polskiego noblisty.<\/p>\n\n\n\n<p>Ka\u017cdy z uczni\u00f3w mia\u0142 za zadanie zaprezentowa\u0107 wybrany wiersz Czes\u0142awa Mi\u0142osza, oddaj\u0105c jego g\u0142\u0119bi\u0119 emocjonaln\u0105 i przes\u0142anie.<\/p>\n\n\n\n<p>Jury ocenia\u0142o przede wszystkim poprawno\u015b\u0107 recytacji, interpretacj\u0119 tekstu oraz zdolno\u015b\u0107 wyra\u017cania emocji.<\/p>\n\n\n\n<p>Laureatami konkursu zostali:<\/p>\n\n\n\n<p><strong>I miejsca ex aequo:<\/strong><br><strong>Kaja Kaleta<\/strong> ze Szko\u0142y Podstawowej im. Jana Paw\u0142a II w Witowie Kolonii oraz<br><strong>Tymoteusz Lachowski<\/strong> ze Szko\u0142y Podstawowej nr 1 im. Jana Paw\u0142a II w Sulejowie;<\/p>\n\n\n\n<p><strong>II miejsce:<\/strong><br><strong>Lena Wochy\u0144<\/strong> ze Szko\u0142y Podstawowej im. Jana Paw\u0142a II w Witowie Kolonii;<\/p>\n\n\n\n<p><strong>III miejsce:<\/strong><br><strong>Julia Misztela<\/strong> ze Szko\u0142y Podstawowej im. Przyjaci\u00f3\u0142 Przyrody we W\u0142odzimierzowie.<\/p>\n\n\n\n<p>Wyr\u00f3\u017cnienia przyznano r\u00f3wnie\u017c uczniom, kt\u00f3rzy szczeg\u00f3lnie uj\u0119li jury swoj\u0105 pasj\u0105 i wra\u017cliwo\u015bci\u0105 artystyczn\u0105- <strong>Anieli Harlejczyk <\/strong>oraz <strong>Patrykowi Sk\u00f3rze<\/strong> ze Szko\u0142y Podstawowej im. Jana Paw\u0142a II w Witowie Kolonii, a tak\u017ce <strong>Aleksandrze Matyszewskiej<\/strong>\u00a0 ze Szko\u0142y Podstawowej nr 1 im. Jana Paw\u0142a II w Sulejowie.<\/p>\n\n\n\n<p>Konkurs by\u0142 nie tylko okazj\u0105 do uhonorowania poezji Czes\u0142awa Mi\u0142osza, ale r\u00f3wnie\u017c szans\u0105 na rozwijanie talent\u00f3w artystycznych w\u015br\u00f3d uczni\u00f3w szk\u00f3\u0142 podstawowych. Wydarzenie zako\u0144czy\u0142o si\u0119 wr\u0119czeniem dyplom\u00f3w i nagr\u00f3d, kt\u00f3re ufundowa\u0142a Miejska Biblioteka Publiczna w Sulejowie. Jeste\u015bmy dumni z faktu, \u017ce\u00a0 m\u0142odzi ludzie potrafi\u0105 tak pi\u0119knie zrozumie\u0107 i przekaza\u0107 wyj\u0105tkowy \u015bwiat poezji Mi\u0142osza.<\/p>\n\n\n\n<figure class=\"wp-block-gallery has-nested-images columns-default is-cropped wp-block-gallery-1 is-layout-flex wp-block-gallery-is-layout-flex\">\n<figure class=\"wp-block-image size-large\"><img loading=\"lazy\" decoding=\"async\" width=\"1024\" height=\"676\" data-id=\"920\" src=\"https:\/\/biblioteka.sulejow.pl\/wpmbps\/wp-content\/uploads\/2024\/11\/1.-Uczestnicy-konkursu-stoja-na-scenie.jpg\" alt=\"\" class=\"wp-image-920\" srcset=\"https:\/\/biblioteka.sulejow.pl\/wpmbps\/wp-content\/uploads\/2024\/11\/1.-Uczestnicy-konkursu-stoja-na-scenie.jpg 1024w, https:\/\/biblioteka.sulejow.pl\/wpmbps\/wp-content\/uploads\/2024\/11\/1.-Uczestnicy-konkursu-stoja-na-scenie-300x198.jpg 300w, https:\/\/biblioteka.sulejow.pl\/wpmbps\/wp-content\/uploads\/2024\/11\/1.-Uczestnicy-konkursu-stoja-na-scenie-768x507.jpg 768w\" sizes=\"auto, (max-width: 1024px) 100vw, 1024px\" \/><\/figure>\n\n\n\n<figure class=\"wp-block-image size-large\"><img loading=\"lazy\" decoding=\"async\" width=\"878\" height=\"768\" data-id=\"918\" src=\"https:\/\/biblioteka.sulejow.pl\/wpmbps\/wp-content\/uploads\/2024\/11\/2.-Laureat-konkursu-odbiera-nagrode.jpg\" alt=\"\" class=\"wp-image-918\" srcset=\"https:\/\/biblioteka.sulejow.pl\/wpmbps\/wp-content\/uploads\/2024\/11\/2.-Laureat-konkursu-odbiera-nagrode.jpg 878w, https:\/\/biblioteka.sulejow.pl\/wpmbps\/wp-content\/uploads\/2024\/11\/2.-Laureat-konkursu-odbiera-nagrode-300x262.jpg 300w, https:\/\/biblioteka.sulejow.pl\/wpmbps\/wp-content\/uploads\/2024\/11\/2.-Laureat-konkursu-odbiera-nagrode-768x672.jpg 768w\" sizes=\"auto, (max-width: 878px) 100vw, 878px\" \/><\/figure>\n\n\n\n<figure class=\"wp-block-image size-large\"><img loading=\"lazy\" decoding=\"async\" width=\"768\" height=\"797\" data-id=\"919\" src=\"https:\/\/biblioteka.sulejow.pl\/wpmbps\/wp-content\/uploads\/2024\/11\/3.-Uczestniczka-konkursu-recytuje-wiersz-na-scenie.jpg\" alt=\"\" class=\"wp-image-919\" srcset=\"https:\/\/biblioteka.sulejow.pl\/wpmbps\/wp-content\/uploads\/2024\/11\/3.-Uczestniczka-konkursu-recytuje-wiersz-na-scenie.jpg 768w, https:\/\/biblioteka.sulejow.pl\/wpmbps\/wp-content\/uploads\/2024\/11\/3.-Uczestniczka-konkursu-recytuje-wiersz-na-scenie-289x300.jpg 289w\" sizes=\"auto, (max-width: 768px) 100vw, 768px\" \/><\/figure>\n<\/figure>\n","protected":false},"excerpt":{"rendered":"<p>W dniu 19.11.2024 r w Miejskiej Bibliotece Publicznej w Sulejowie odby\u0142 si\u0119 gminny konkurs recytatorski dla uczni\u00f3w szk\u00f3\u0142 podstawowych, zorganizowany z okazji obchod\u00f3w Roku Czes\u0142awa Mi\u0142osza. Wydarzenie zgromadzi\u0142o m\u0142odych mi\u0142o\u015bnik\u00f3w poezji, kt\u00f3rzy zmierzyli si\u0119 z wyzwaniem interpretacji tw\u00f3rczo\u015bci wybitnego polskiego noblisty. Ka\u017cdy z uczni\u00f3w mia\u0142 za zadanie zaprezentowa\u0107 wybrany wiersz Czes\u0142awa Mi\u0142osza, oddaj\u0105c jego g\u0142\u0119bi\u0119 [&hellip;]<\/p>\n","protected":false},"author":1,"featured_media":0,"comment_status":"closed","ping_status":"","sticky":false,"template":"","format":"standard","meta":{"zakra_page_container_layout":"customizer","zakra_page_sidebar_layout":"customizer","zakra_remove_content_margin":false,"zakra_sidebar":"customizer","zakra_transparent_header":"customizer","zakra_logo":0,"zakra_main_header_style":"default","zakra_menu_item_color":"","zakra_menu_item_hover_color":"","zakra_menu_item_active_color":"","zakra_menu_active_style":"","zakra_page_header":true,"footnotes":"","_links_to":"","_links_to_target":""},"categories":[4],"tags":[],"class_list":["post-917","post","type-post","status-publish","format-standard","hentry","category-aktualnosci-2024"],"_links":{"self":[{"href":"https:\/\/biblioteka.sulejow.pl\/index.php?rest_route=\/wp\/v2\/posts\/917","targetHints":{"allow":["GET"]}}],"collection":[{"href":"https:\/\/biblioteka.sulejow.pl\/index.php?rest_route=\/wp\/v2\/posts"}],"about":[{"href":"https:\/\/biblioteka.sulejow.pl\/index.php?rest_route=\/wp\/v2\/types\/post"}],"author":[{"embeddable":true,"href":"https:\/\/biblioteka.sulejow.pl\/index.php?rest_route=\/wp\/v2\/users\/1"}],"replies":[{"embeddable":true,"href":"https:\/\/biblioteka.sulejow.pl\/index.php?rest_route=%2Fwp%2Fv2%2Fcomments&post=917"}],"version-history":[{"count":1,"href":"https:\/\/biblioteka.sulejow.pl\/index.php?rest_route=\/wp\/v2\/posts\/917\/revisions"}],"predecessor-version":[{"id":921,"href":"https:\/\/biblioteka.sulejow.pl\/index.php?rest_route=\/wp\/v2\/posts\/917\/revisions\/921"}],"wp:attachment":[{"href":"https:\/\/biblioteka.sulejow.pl\/index.php?rest_route=%2Fwp%2Fv2%2Fmedia&parent=917"}],"wp:term":[{"taxonomy":"category","embeddable":true,"href":"https:\/\/biblioteka.sulejow.pl\/index.php?rest_route=%2Fwp%2Fv2%2Fcategories&post=917"},{"taxonomy":"post_tag","embeddable":true,"href":"https:\/\/biblioteka.sulejow.pl\/index.php?rest_route=%2Fwp%2Fv2%2Ftags&post=917"}],"curies":[{"name":"wp","href":"https:\/\/api.w.org\/{rel}","templated":true}]}}