{"id":929,"date":"2024-12-02T09:09:52","date_gmt":"2024-12-02T09:09:52","guid":{"rendered":"https:\/\/biblioteka.sulejow.pl\/?p=929"},"modified":"2024-12-02T09:09:52","modified_gmt":"2024-12-02T09:09:52","slug":"dzien-pluszowego-misia","status":"publish","type":"post","link":"https:\/\/biblioteka.sulejow.pl\/?p=929","title":{"rendered":"Dzie\u0144 Pluszowego Misia"},"content":{"rendered":"\n<p>W Dzie\u0144 Pluszowego Misia w Miejskiej Bibliotece Publicznej w Sulejowie by\u0142o kolorowo i rado\u015bnie! Z okazji tak wyj\u0105tkowego dnia bibliotek\u0119 odwiedzili uczniowie oddzia\u0142u przedszkolnego ze Szko\u0142y Podstawowej im. Przyjaci\u00f3\u0142 Przyrody we W\u0142odzimierzowie. Przybyli go\u015bcie wzi\u0119li udzia\u0142 w wyj\u0105tkowych warsztatach plastycznych- malowali swoje ulubione misie\u2026 r\u0105czkami!<\/p>\n\n\n\n<p>Spotkanie rozpocz\u0119\u0142a rozmowa o pluszowych misiach \u2013 tych z bajek i tych, kt\u00f3re dzieci przytulaj\u0105 na co dzie\u0144. Nast\u0119pnie przedszkolaki przyst\u0105pi\u0142y do tw\u00f3rczego zadania: na du\u017cych arkuszach papieru, za pomoc\u0105<br>farb i odbijania r\u0105czek, tworzy\u0142y kolorowe podobizny misi\u00f3w. Dzieci by\u0142y bardzo zaanga\u017cowane i z rado\u015bci\u0105 eksperymentowa\u0142y z r\u00f3\u017cnymi kolorami. Efektem pracy by\u0142y niepowtarzalne, pe\u0142ne dzieci\u0119cej wyobra\u017ani obrazy, kt\u00f3re zosta\u0142y wyeksponowane w naszej bibliotece.<\/p>\n\n\n\n<p>Spotkanie przebieg\u0142o w mi\u0142ej atmosferze, a malowanie r\u0105czkami dostarczy\u0142o dzieciom wiele rado\u015bci i pozytywnych emocji. Oczywi\u015bcie nie mog\u0142o zabrakn\u0105\u0107 wsp\u00f3lnego czytania czy wycieczki po ksi\u0105\u017cnicy. Na zako\u0144czenie ka\u017cde dziecko otrzyma\u0142o s\u0142odki upominek.<\/p>\n\n\n\n<p>Dzi\u0119kujemy wszystkim za cudown\u0105 atmosfer\u0119 i kreatywn\u0105 zabaw\u0119!<\/p>\n\n\n\n<figure class=\"wp-block-gallery has-nested-images columns-default is-cropped wp-block-gallery-1 is-layout-flex wp-block-gallery-is-layout-flex\">\n<figure class=\"wp-block-image size-large\"><a href=\"https:\/\/biblioteka.sulejow.pl\/wpmbps\/wp-content\/uploads\/2024\/12\/1.-Uczestnicy-zajec-pozuja-z-pomalowanymi-kolortowymi-dlonmi-w-gorze.jpg\"><img loading=\"lazy\" decoding=\"async\" width=\"1024\" height=\"726\" data-id=\"937\" src=\"https:\/\/biblioteka.sulejow.pl\/wpmbps\/wp-content\/uploads\/2024\/12\/1.-Uczestnicy-zajec-pozuja-z-pomalowanymi-kolortowymi-dlonmi-w-gorze.jpg\" alt=\"\" class=\"wp-image-937\" srcset=\"https:\/\/biblioteka.sulejow.pl\/wpmbps\/wp-content\/uploads\/2024\/12\/1.-Uczestnicy-zajec-pozuja-z-pomalowanymi-kolortowymi-dlonmi-w-gorze.jpg 1024w, https:\/\/biblioteka.sulejow.pl\/wpmbps\/wp-content\/uploads\/2024\/12\/1.-Uczestnicy-zajec-pozuja-z-pomalowanymi-kolortowymi-dlonmi-w-gorze-300x213.jpg 300w, https:\/\/biblioteka.sulejow.pl\/wpmbps\/wp-content\/uploads\/2024\/12\/1.-Uczestnicy-zajec-pozuja-z-pomalowanymi-kolortowymi-dlonmi-w-gorze-768x545.jpg 768w\" sizes=\"auto, (max-width: 1024px) 100vw, 1024px\" \/><\/a><\/figure>\n\n\n\n<figure class=\"wp-block-image size-large\"><a href=\"https:\/\/biblioteka.sulejow.pl\/wpmbps\/wp-content\/uploads\/2024\/12\/2.-Uczestnicy-zajec-zwiedzaja-biblioteke.jpg\"><img loading=\"lazy\" decoding=\"async\" width=\"768\" height=\"1024\" data-id=\"935\" src=\"https:\/\/biblioteka.sulejow.pl\/wpmbps\/wp-content\/uploads\/2024\/12\/2.-Uczestnicy-zajec-zwiedzaja-biblioteke.jpg\" alt=\"\" class=\"wp-image-935\" srcset=\"https:\/\/biblioteka.sulejow.pl\/wpmbps\/wp-content\/uploads\/2024\/12\/2.-Uczestnicy-zajec-zwiedzaja-biblioteke.jpg 768w, https:\/\/biblioteka.sulejow.pl\/wpmbps\/wp-content\/uploads\/2024\/12\/2.-Uczestnicy-zajec-zwiedzaja-biblioteke-225x300.jpg 225w\" sizes=\"auto, (max-width: 768px) 100vw, 768px\" \/><\/a><\/figure>\n\n\n\n<figure class=\"wp-block-image size-large\"><a href=\"https:\/\/biblioteka.sulejow.pl\/wpmbps\/wp-content\/uploads\/2024\/12\/3-Dziewczynki-prezentuja-grupie-swoja-prace-plastyczna.jpg\"><img loading=\"lazy\" decoding=\"async\" width=\"768\" height=\"1024\" data-id=\"931\" src=\"https:\/\/biblioteka.sulejow.pl\/wpmbps\/wp-content\/uploads\/2024\/12\/3-Dziewczynki-prezentuja-grupie-swoja-prace-plastyczna.jpg\" alt=\"\" class=\"wp-image-931\" srcset=\"https:\/\/biblioteka.sulejow.pl\/wpmbps\/wp-content\/uploads\/2024\/12\/3-Dziewczynki-prezentuja-grupie-swoja-prace-plastyczna.jpg 768w, https:\/\/biblioteka.sulejow.pl\/wpmbps\/wp-content\/uploads\/2024\/12\/3-Dziewczynki-prezentuja-grupie-swoja-prace-plastyczna-225x300.jpg 225w\" sizes=\"auto, (max-width: 768px) 100vw, 768px\" \/><\/a><\/figure>\n\n\n\n<figure class=\"wp-block-image size-large\"><a href=\"https:\/\/biblioteka.sulejow.pl\/wpmbps\/wp-content\/uploads\/2024\/12\/4.-Dzieci-wykonuja-prace-plastyczne-pomalowanymi-kolorowymi-raczkami.jpg\"><img loading=\"lazy\" decoding=\"async\" width=\"768\" height=\"1024\" data-id=\"932\" src=\"https:\/\/biblioteka.sulejow.pl\/wpmbps\/wp-content\/uploads\/2024\/12\/4.-Dzieci-wykonuja-prace-plastyczne-pomalowanymi-kolorowymi-raczkami.jpg\" alt=\"\" class=\"wp-image-932\" srcset=\"https:\/\/biblioteka.sulejow.pl\/wpmbps\/wp-content\/uploads\/2024\/12\/4.-Dzieci-wykonuja-prace-plastyczne-pomalowanymi-kolorowymi-raczkami.jpg 768w, https:\/\/biblioteka.sulejow.pl\/wpmbps\/wp-content\/uploads\/2024\/12\/4.-Dzieci-wykonuja-prace-plastyczne-pomalowanymi-kolorowymi-raczkami-225x300.jpg 225w\" sizes=\"auto, (max-width: 768px) 100vw, 768px\" \/><\/a><\/figure>\n\n\n\n<figure class=\"wp-block-image size-large\"><a href=\"https:\/\/biblioteka.sulejow.pl\/wpmbps\/wp-content\/uploads\/2024\/12\/5.-Uczestnicy-spotkania-sluchaja-czytanki-o-misiu.jpg\"><img loading=\"lazy\" decoding=\"async\" width=\"1024\" height=\"608\" data-id=\"936\" src=\"https:\/\/biblioteka.sulejow.pl\/wpmbps\/wp-content\/uploads\/2024\/12\/5.-Uczestnicy-spotkania-sluchaja-czytanki-o-misiu.jpg\" alt=\"\" class=\"wp-image-936\" srcset=\"https:\/\/biblioteka.sulejow.pl\/wpmbps\/wp-content\/uploads\/2024\/12\/5.-Uczestnicy-spotkania-sluchaja-czytanki-o-misiu.jpg 1024w, https:\/\/biblioteka.sulejow.pl\/wpmbps\/wp-content\/uploads\/2024\/12\/5.-Uczestnicy-spotkania-sluchaja-czytanki-o-misiu-300x178.jpg 300w, https:\/\/biblioteka.sulejow.pl\/wpmbps\/wp-content\/uploads\/2024\/12\/5.-Uczestnicy-spotkania-sluchaja-czytanki-o-misiu-768x456.jpg 768w\" sizes=\"auto, (max-width: 1024px) 100vw, 1024px\" \/><\/a><\/figure>\n\n\n\n<figure class=\"wp-block-image size-large\"><a href=\"https:\/\/biblioteka.sulejow.pl\/wpmbps\/wp-content\/uploads\/2024\/12\/6.-Dzieci-zwiedzaja-biblioteke.jpg\"><img loading=\"lazy\" decoding=\"async\" width=\"800\" height=\"768\" data-id=\"933\" src=\"https:\/\/biblioteka.sulejow.pl\/wpmbps\/wp-content\/uploads\/2024\/12\/6.-Dzieci-zwiedzaja-biblioteke.jpg\" alt=\"\" class=\"wp-image-933\" srcset=\"https:\/\/biblioteka.sulejow.pl\/wpmbps\/wp-content\/uploads\/2024\/12\/6.-Dzieci-zwiedzaja-biblioteke.jpg 800w, https:\/\/biblioteka.sulejow.pl\/wpmbps\/wp-content\/uploads\/2024\/12\/6.-Dzieci-zwiedzaja-biblioteke-300x288.jpg 300w, https:\/\/biblioteka.sulejow.pl\/wpmbps\/wp-content\/uploads\/2024\/12\/6.-Dzieci-zwiedzaja-biblioteke-768x737.jpg 768w\" sizes=\"auto, (max-width: 800px) 100vw, 800px\" \/><\/a><\/figure>\n\n\n\n<figure class=\"wp-block-image size-large\"><a href=\"https:\/\/biblioteka.sulejow.pl\/wpmbps\/wp-content\/uploads\/2024\/12\/7.-Dzieci-zwiedzaja-biblioteke.jpg\"><img loading=\"lazy\" decoding=\"async\" width=\"768\" height=\"818\" data-id=\"938\" src=\"https:\/\/biblioteka.sulejow.pl\/wpmbps\/wp-content\/uploads\/2024\/12\/7.-Dzieci-zwiedzaja-biblioteke.jpg\" alt=\"\" class=\"wp-image-938\" srcset=\"https:\/\/biblioteka.sulejow.pl\/wpmbps\/wp-content\/uploads\/2024\/12\/7.-Dzieci-zwiedzaja-biblioteke.jpg 768w, https:\/\/biblioteka.sulejow.pl\/wpmbps\/wp-content\/uploads\/2024\/12\/7.-Dzieci-zwiedzaja-biblioteke-282x300.jpg 282w\" sizes=\"auto, (max-width: 768px) 100vw, 768px\" \/><\/a><\/figure>\n\n\n\n<figure class=\"wp-block-image size-large\"><a href=\"https:\/\/biblioteka.sulejow.pl\/wpmbps\/wp-content\/uploads\/2024\/12\/8.-Chlopcy-prezentuja-wlasnorecznie-wykonane-dzielo.jpg\"><img loading=\"lazy\" decoding=\"async\" width=\"1024\" height=\"768\" data-id=\"930\" src=\"https:\/\/biblioteka.sulejow.pl\/wpmbps\/wp-content\/uploads\/2024\/12\/8.-Chlopcy-prezentuja-wlasnorecznie-wykonane-dzielo.jpg\" alt=\"\" class=\"wp-image-930\" srcset=\"https:\/\/biblioteka.sulejow.pl\/wpmbps\/wp-content\/uploads\/2024\/12\/8.-Chlopcy-prezentuja-wlasnorecznie-wykonane-dzielo.jpg 1024w, https:\/\/biblioteka.sulejow.pl\/wpmbps\/wp-content\/uploads\/2024\/12\/8.-Chlopcy-prezentuja-wlasnorecznie-wykonane-dzielo-300x225.jpg 300w, https:\/\/biblioteka.sulejow.pl\/wpmbps\/wp-content\/uploads\/2024\/12\/8.-Chlopcy-prezentuja-wlasnorecznie-wykonane-dzielo-768x576.jpg 768w\" sizes=\"auto, (max-width: 1024px) 100vw, 1024px\" \/><\/a><\/figure>\n\n\n\n<figure class=\"wp-block-image size-large\"><a href=\"https:\/\/biblioteka.sulejow.pl\/wpmbps\/wp-content\/uploads\/2024\/12\/9.-Praca-plastyczna-wykonana-przez-dzieci.jpg\"><img loading=\"lazy\" decoding=\"async\" width=\"768\" height=\"1024\" data-id=\"934\" src=\"https:\/\/biblioteka.sulejow.pl\/wpmbps\/wp-content\/uploads\/2024\/12\/9.-Praca-plastyczna-wykonana-przez-dzieci.jpg\" alt=\"\" class=\"wp-image-934\" srcset=\"https:\/\/biblioteka.sulejow.pl\/wpmbps\/wp-content\/uploads\/2024\/12\/9.-Praca-plastyczna-wykonana-przez-dzieci.jpg 768w, https:\/\/biblioteka.sulejow.pl\/wpmbps\/wp-content\/uploads\/2024\/12\/9.-Praca-plastyczna-wykonana-przez-dzieci-225x300.jpg 225w\" sizes=\"auto, (max-width: 768px) 100vw, 768px\" \/><\/a><\/figure>\n<\/figure>\n","protected":false},"excerpt":{"rendered":"<p>W Dzie\u0144 Pluszowego Misia w Miejskiej Bibliotece Publicznej w Sulejowie by\u0142o kolorowo i rado\u015bnie! Z okazji tak wyj\u0105tkowego dnia bibliotek\u0119 odwiedzili uczniowie oddzia\u0142u przedszkolnego ze Szko\u0142y Podstawowej im. Przyjaci\u00f3\u0142 Przyrody we W\u0142odzimierzowie. Przybyli go\u015bcie wzi\u0119li udzia\u0142 w wyj\u0105tkowych warsztatach plastycznych- malowali swoje ulubione misie\u2026 r\u0105czkami! Spotkanie rozpocz\u0119\u0142a rozmowa o pluszowych misiach \u2013 tych z bajek [&hellip;]<\/p>\n","protected":false},"author":1,"featured_media":0,"comment_status":"closed","ping_status":"","sticky":false,"template":"","format":"standard","meta":{"zakra_page_container_layout":"customizer","zakra_page_sidebar_layout":"customizer","zakra_remove_content_margin":false,"zakra_sidebar":"customizer","zakra_transparent_header":"customizer","zakra_logo":0,"zakra_main_header_style":"default","zakra_menu_item_color":"","zakra_menu_item_hover_color":"","zakra_menu_item_active_color":"","zakra_menu_active_style":"","zakra_page_header":true,"footnotes":"","_links_to":"","_links_to_target":""},"categories":[4],"tags":[],"class_list":["post-929","post","type-post","status-publish","format-standard","hentry","category-aktualnosci-2024"],"_links":{"self":[{"href":"https:\/\/biblioteka.sulejow.pl\/index.php?rest_route=\/wp\/v2\/posts\/929","targetHints":{"allow":["GET"]}}],"collection":[{"href":"https:\/\/biblioteka.sulejow.pl\/index.php?rest_route=\/wp\/v2\/posts"}],"about":[{"href":"https:\/\/biblioteka.sulejow.pl\/index.php?rest_route=\/wp\/v2\/types\/post"}],"author":[{"embeddable":true,"href":"https:\/\/biblioteka.sulejow.pl\/index.php?rest_route=\/wp\/v2\/users\/1"}],"replies":[{"embeddable":true,"href":"https:\/\/biblioteka.sulejow.pl\/index.php?rest_route=%2Fwp%2Fv2%2Fcomments&post=929"}],"version-history":[{"count":1,"href":"https:\/\/biblioteka.sulejow.pl\/index.php?rest_route=\/wp\/v2\/posts\/929\/revisions"}],"predecessor-version":[{"id":939,"href":"https:\/\/biblioteka.sulejow.pl\/index.php?rest_route=\/wp\/v2\/posts\/929\/revisions\/939"}],"wp:attachment":[{"href":"https:\/\/biblioteka.sulejow.pl\/index.php?rest_route=%2Fwp%2Fv2%2Fmedia&parent=929"}],"wp:term":[{"taxonomy":"category","embeddable":true,"href":"https:\/\/biblioteka.sulejow.pl\/index.php?rest_route=%2Fwp%2Fv2%2Fcategories&post=929"},{"taxonomy":"post_tag","embeddable":true,"href":"https:\/\/biblioteka.sulejow.pl\/index.php?rest_route=%2Fwp%2Fv2%2Ftags&post=929"}],"curies":[{"name":"wp","href":"https:\/\/api.w.org\/{rel}","templated":true}]}}