{"id":944,"date":"2024-12-04T17:49:07","date_gmt":"2024-12-04T17:49:07","guid":{"rendered":"https:\/\/biblioteka.sulejow.pl\/?p=944"},"modified":"2024-12-04T17:49:07","modified_gmt":"2024-12-04T17:49:07","slug":"swiatowy-dzien-pluszowego-misia","status":"publish","type":"post","link":"https:\/\/biblioteka.sulejow.pl\/?p=944","title":{"rendered":"\u015awiatowy Dzie\u0144 Pluszowego Misia"},"content":{"rendered":"\n<p>\u201e\u015awiatowy Dzie\u0144 Pluszowego Misia\u201d to wyj\u0105tkowe \u015bwi\u0119to, kt\u00f3re obchodzone jest na \u015bwiecie 25 listopada, niezmiennie od 2002 roku. Pluszowy mi\u015b to nieod\u0142\u0105czny element dzieci\u0144stwa \u2013 ukochana zabawka, cz\u0119sto towarzysz\u0105ca nam przez wiele lat i przekazywana kolejnym pokoleniom.<\/p>\n\n\n\n<p>\u201eNie obejdzie si\u0119 bez misia\u201d to tytu\u0142 spotkania z grup\u0105 3-latk\u00f3w Samorz\u0105dowego Przedszkola w Przyg\u0142owie z bibliotekarzem Filii Bibliotecznej z w\/w miejscowo\u015bci. G\u0142o\u015bne czytanie oparte o bajki o misiach i ogl\u0105danie tematycznych ksi\u0105\u017cek mia\u0142o na celu podkre\u015bli\u0107 i utrwali\u0107 to \u201epluszowe\u201d \u015bwi\u0119to, a maluchy z grupy \u201eMotylki\u201d zach\u0119ci\u0107 do zaprzyja\u017anienia si\u0119 z bibliotek\u0105. Wychowankom Przedszkola w podzi\u0119kowaniu za mi\u0142e spotkanie bibliotekarz podarowa\u0142 ksi\u0105\u017ck\u0119 pt. \u201eMi\u015b Pracu\u015b: Pomocnik Miko\u0142aja\u201d.<\/p>\n\n\n\n<p>Pracownik plac\u00f3wki zaprasza rodzic\u00f3w wraz ze swoimi pociechami do biblioteki i podj\u0119cia wyzwania w projekcie dla dzieci w wieku przedszkolnym pt. \u201eMa\u0142a ksi\u0105\u017cka, wielki cz\u0142owiek\u201d. Wyprawki czytelnicze czekaj\u0105.<\/p>\n\n\n\n<figure class=\"wp-block-gallery has-nested-images columns-default is-cropped wp-block-gallery-1 is-layout-flex wp-block-gallery-is-layout-flex\">\n<figure class=\"wp-block-image size-large\"><a href=\"https:\/\/biblioteka.sulejow.pl\/wpmbps\/wp-content\/uploads\/2024\/12\/4.-Dzieci-ogladaja-ksiazki-o-misiach.jpg\"><img loading=\"lazy\" decoding=\"async\" width=\"1024\" height=\"768\" data-id=\"945\" src=\"https:\/\/biblioteka.sulejow.pl\/wpmbps\/wp-content\/uploads\/2024\/12\/4.-Dzieci-ogladaja-ksiazki-o-misiach.jpg\" alt=\"\" class=\"wp-image-945\" srcset=\"https:\/\/biblioteka.sulejow.pl\/wpmbps\/wp-content\/uploads\/2024\/12\/4.-Dzieci-ogladaja-ksiazki-o-misiach.jpg 1024w, https:\/\/biblioteka.sulejow.pl\/wpmbps\/wp-content\/uploads\/2024\/12\/4.-Dzieci-ogladaja-ksiazki-o-misiach-300x225.jpg 300w, https:\/\/biblioteka.sulejow.pl\/wpmbps\/wp-content\/uploads\/2024\/12\/4.-Dzieci-ogladaja-ksiazki-o-misiach-768x576.jpg 768w\" sizes=\"auto, (max-width: 1024px) 100vw, 1024px\" \/><\/a><\/figure>\n\n\n\n<figure class=\"wp-block-image size-large\"><a href=\"https:\/\/biblioteka.sulejow.pl\/wpmbps\/wp-content\/uploads\/2024\/12\/5.-Dzieci-ogladaja-ksiazki-o-misiach.jpg\"><img loading=\"lazy\" decoding=\"async\" width=\"1024\" height=\"768\" data-id=\"950\" src=\"https:\/\/biblioteka.sulejow.pl\/wpmbps\/wp-content\/uploads\/2024\/12\/5.-Dzieci-ogladaja-ksiazki-o-misiach.jpg\" alt=\"\" class=\"wp-image-950\" srcset=\"https:\/\/biblioteka.sulejow.pl\/wpmbps\/wp-content\/uploads\/2024\/12\/5.-Dzieci-ogladaja-ksiazki-o-misiach.jpg 1024w, https:\/\/biblioteka.sulejow.pl\/wpmbps\/wp-content\/uploads\/2024\/12\/5.-Dzieci-ogladaja-ksiazki-o-misiach-300x225.jpg 300w, https:\/\/biblioteka.sulejow.pl\/wpmbps\/wp-content\/uploads\/2024\/12\/5.-Dzieci-ogladaja-ksiazki-o-misiach-768x576.jpg 768w\" sizes=\"auto, (max-width: 1024px) 100vw, 1024px\" \/><\/a><\/figure>\n\n\n\n<figure class=\"wp-block-image size-large\"><a href=\"https:\/\/biblioteka.sulejow.pl\/wpmbps\/wp-content\/uploads\/2024\/12\/6.-Bibliotekarz-przekazuje-dar-ksiazkowy-przedszkolakom.jpg\"><img loading=\"lazy\" decoding=\"async\" width=\"1024\" height=\"768\" data-id=\"948\" src=\"https:\/\/biblioteka.sulejow.pl\/wpmbps\/wp-content\/uploads\/2024\/12\/6.-Bibliotekarz-przekazuje-dar-ksiazkowy-przedszkolakom.jpg\" alt=\"\" class=\"wp-image-948\" srcset=\"https:\/\/biblioteka.sulejow.pl\/wpmbps\/wp-content\/uploads\/2024\/12\/6.-Bibliotekarz-przekazuje-dar-ksiazkowy-przedszkolakom.jpg 1024w, https:\/\/biblioteka.sulejow.pl\/wpmbps\/wp-content\/uploads\/2024\/12\/6.-Bibliotekarz-przekazuje-dar-ksiazkowy-przedszkolakom-300x225.jpg 300w, https:\/\/biblioteka.sulejow.pl\/wpmbps\/wp-content\/uploads\/2024\/12\/6.-Bibliotekarz-przekazuje-dar-ksiazkowy-przedszkolakom-768x576.jpg 768w\" sizes=\"auto, (max-width: 1024px) 100vw, 1024px\" \/><\/a><\/figure>\n\n\n\n<figure class=\"wp-block-image size-large\"><a href=\"https:\/\/biblioteka.sulejow.pl\/wpmbps\/wp-content\/uploads\/2024\/12\/1.-Bibliotekarz-czyta-dzieciom-ksiazke-o-misiach-rotated.jpg\"><img loading=\"lazy\" decoding=\"async\" width=\"768\" height=\"1024\" data-id=\"946\" src=\"https:\/\/biblioteka.sulejow.pl\/wpmbps\/wp-content\/uploads\/2024\/12\/1.-Bibliotekarz-czyta-dzieciom-ksiazke-o-misiach-rotated.jpg\" alt=\"\" class=\"wp-image-946\" srcset=\"https:\/\/biblioteka.sulejow.pl\/wpmbps\/wp-content\/uploads\/2024\/12\/1.-Bibliotekarz-czyta-dzieciom-ksiazke-o-misiach-rotated.jpg 768w, https:\/\/biblioteka.sulejow.pl\/wpmbps\/wp-content\/uploads\/2024\/12\/1.-Bibliotekarz-czyta-dzieciom-ksiazke-o-misiach-225x300.jpg 225w\" sizes=\"auto, (max-width: 768px) 100vw, 768px\" \/><\/a><\/figure>\n\n\n\n<figure class=\"wp-block-image size-large\"><a href=\"https:\/\/biblioteka.sulejow.pl\/wpmbps\/wp-content\/uploads\/2024\/12\/2.-Bibliotekarz-czyta-dzieciom-ksiazke-o-misiach-rotated.jpg\"><img loading=\"lazy\" decoding=\"async\" width=\"768\" height=\"1024\" data-id=\"947\" src=\"https:\/\/biblioteka.sulejow.pl\/wpmbps\/wp-content\/uploads\/2024\/12\/2.-Bibliotekarz-czyta-dzieciom-ksiazke-o-misiach-rotated.jpg\" alt=\"\" class=\"wp-image-947\" srcset=\"https:\/\/biblioteka.sulejow.pl\/wpmbps\/wp-content\/uploads\/2024\/12\/2.-Bibliotekarz-czyta-dzieciom-ksiazke-o-misiach-rotated.jpg 768w, https:\/\/biblioteka.sulejow.pl\/wpmbps\/wp-content\/uploads\/2024\/12\/2.-Bibliotekarz-czyta-dzieciom-ksiazke-o-misiach-225x300.jpg 225w\" sizes=\"auto, (max-width: 768px) 100vw, 768px\" \/><\/a><\/figure>\n\n\n\n<figure class=\"wp-block-image size-large\"><a href=\"https:\/\/biblioteka.sulejow.pl\/wpmbps\/wp-content\/uploads\/2024\/12\/3.-Bibliotekarz-pokazuje-dzieciom-ksiazke-o-misiach-rotated.jpg\"><img loading=\"lazy\" decoding=\"async\" width=\"768\" height=\"1024\" data-id=\"949\" src=\"https:\/\/biblioteka.sulejow.pl\/wpmbps\/wp-content\/uploads\/2024\/12\/3.-Bibliotekarz-pokazuje-dzieciom-ksiazke-o-misiach-rotated.jpg\" alt=\"\" class=\"wp-image-949\" srcset=\"https:\/\/biblioteka.sulejow.pl\/wpmbps\/wp-content\/uploads\/2024\/12\/3.-Bibliotekarz-pokazuje-dzieciom-ksiazke-o-misiach-rotated.jpg 768w, https:\/\/biblioteka.sulejow.pl\/wpmbps\/wp-content\/uploads\/2024\/12\/3.-Bibliotekarz-pokazuje-dzieciom-ksiazke-o-misiach-225x300.jpg 225w\" sizes=\"auto, (max-width: 768px) 100vw, 768px\" \/><\/a><\/figure>\n<\/figure>\n","protected":false},"excerpt":{"rendered":"<p>\u201e\u015awiatowy Dzie\u0144 Pluszowego Misia\u201d to wyj\u0105tkowe \u015bwi\u0119to, kt\u00f3re obchodzone jest na \u015bwiecie 25 listopada, niezmiennie od 2002 roku. Pluszowy mi\u015b to nieod\u0142\u0105czny element dzieci\u0144stwa \u2013 ukochana zabawka, cz\u0119sto towarzysz\u0105ca nam przez wiele lat i przekazywana kolejnym pokoleniom. \u201eNie obejdzie si\u0119 bez misia\u201d to tytu\u0142 spotkania z grup\u0105 3-latk\u00f3w Samorz\u0105dowego Przedszkola w Przyg\u0142owie z bibliotekarzem Filii [&hellip;]<\/p>\n","protected":false},"author":1,"featured_media":0,"comment_status":"closed","ping_status":"","sticky":false,"template":"","format":"standard","meta":{"zakra_page_container_layout":"customizer","zakra_page_sidebar_layout":"customizer","zakra_remove_content_margin":false,"zakra_sidebar":"customizer","zakra_transparent_header":"customizer","zakra_logo":0,"zakra_main_header_style":"default","zakra_menu_item_color":"","zakra_menu_item_hover_color":"","zakra_menu_item_active_color":"","zakra_menu_active_style":"","zakra_page_header":true,"footnotes":"","_links_to":"","_links_to_target":""},"categories":[4],"tags":[],"class_list":["post-944","post","type-post","status-publish","format-standard","hentry","category-aktualnosci-2024"],"_links":{"self":[{"href":"https:\/\/biblioteka.sulejow.pl\/index.php?rest_route=\/wp\/v2\/posts\/944","targetHints":{"allow":["GET"]}}],"collection":[{"href":"https:\/\/biblioteka.sulejow.pl\/index.php?rest_route=\/wp\/v2\/posts"}],"about":[{"href":"https:\/\/biblioteka.sulejow.pl\/index.php?rest_route=\/wp\/v2\/types\/post"}],"author":[{"embeddable":true,"href":"https:\/\/biblioteka.sulejow.pl\/index.php?rest_route=\/wp\/v2\/users\/1"}],"replies":[{"embeddable":true,"href":"https:\/\/biblioteka.sulejow.pl\/index.php?rest_route=%2Fwp%2Fv2%2Fcomments&post=944"}],"version-history":[{"count":1,"href":"https:\/\/biblioteka.sulejow.pl\/index.php?rest_route=\/wp\/v2\/posts\/944\/revisions"}],"predecessor-version":[{"id":951,"href":"https:\/\/biblioteka.sulejow.pl\/index.php?rest_route=\/wp\/v2\/posts\/944\/revisions\/951"}],"wp:attachment":[{"href":"https:\/\/biblioteka.sulejow.pl\/index.php?rest_route=%2Fwp%2Fv2%2Fmedia&parent=944"}],"wp:term":[{"taxonomy":"category","embeddable":true,"href":"https:\/\/biblioteka.sulejow.pl\/index.php?rest_route=%2Fwp%2Fv2%2Fcategories&post=944"},{"taxonomy":"post_tag","embeddable":true,"href":"https:\/\/biblioteka.sulejow.pl\/index.php?rest_route=%2Fwp%2Fv2%2Ftags&post=944"}],"curies":[{"name":"wp","href":"https:\/\/api.w.org\/{rel}","templated":true}]}}