{"id":952,"date":"2024-12-08T19:13:20","date_gmt":"2024-12-08T19:13:20","guid":{"rendered":"https:\/\/biblioteka.sulejow.pl\/?p=952"},"modified":"2024-12-08T19:13:20","modified_gmt":"2024-12-08T19:13:20","slug":"mikolajki-2024","status":"publish","type":"post","link":"https:\/\/biblioteka.sulejow.pl\/?p=952","title":{"rendered":"Miko\u0142ajki 2024"},"content":{"rendered":"\n<p>Dzi\u015b w Miejskiej Bibliotece Publicznej w Sulejowie odby\u0142o si\u0119 wyj\u0105tkowe Spotkanie ze \u015awi\u0119tym Miko\u0142ajem. Pierwszoklasi\u015bci ze Szko\u0142y Podstawowej nr 1 im. Jana Paw\u0142a II w Sulejowie poznali opowie\u015b\u0107 o \u015awi\u0119tym Miko\u0142aju \u2013 o jego \u017cyciu, pomaganiu potrzebuj\u0105cym oraz o tym, jak sta\u0142 si\u0119 symbolem rozdawania prezent\u00f3w i rado\u015bci \u015bwi\u0105tecznej.<\/p>\n\n\n\n<p>W trakcie spotkania odby\u0142 si\u0119 pokaz animowanej bajki, w kt\u00f3rej g\u0142\u00f3wny bohater \u2013 Karolek odwiedza fabryk\u0119 \u015awi\u0119tego Miko\u0142aja. Bajka wprowadzi\u0142a nas w magiczn\u0105 atmosfer\u0119 warsztatu, gdzie elfy przygotowuj\u0105 prezenty dla dzieci z ca\u0142ego \u015bwiata.<\/p>\n\n\n\n<p>Po projekcji go\u015bcie biblioteki uczestniczyli w warsztatach plastycznych, podczas kt\u00f3rych wykonali w\u0142asne przywieszki z reniferem Rudolfem, kolorowali \u015bwi\u0105teczne obrazki oraz wys\u0142uchali \u201eOpowie\u015bci wigilijnej\u201d Charlesa Dickensa.<\/p>\n\n\n\n<p>Na koniec spotkania na naszych milusi\u0144skich czeka\u0142a wyj\u0105tkowa niespodzianka- sam \u015awi\u0119ty Miko\u0142aj przyby\u0142, aby podzi\u0119kowa\u0107 dzieciom za ich zaanga\u017cowanie, pochwali\u0142 ich prace i \u017cyczy\u0142 wszystkim Weso\u0142ych \u015awi\u0105t. Uczniowie zostali obdarowani symbolicznymi prezentami, a na pami\u0105tk\u0119 spotkania wszyscy dumnie pozowali do zdj\u0119cia ze \u015awi\u0119tym Miko\u0142ajem, kt\u00f3ry obieca\u0142 wr\u00f3ci\u0107 za rok!<\/p>\n\n\n\n<figure class=\"wp-block-gallery has-nested-images columns-default is-cropped wp-block-gallery-1 is-layout-flex wp-block-gallery-is-layout-flex\">\n<figure class=\"wp-block-image size-large\"><a href=\"https:\/\/biblioteka.sulejow.pl\/wpmbps\/wp-content\/uploads\/2024\/12\/1.-Dzieci-pozuja-do-zdjecia-razem-z-paniami-bibliotekarkami.-Dzieci-w-rekach-trzymaja-wykonane-przez-siebie-prace3-plastyczne.jpg\"><img loading=\"lazy\" decoding=\"async\" width=\"1014\" height=\"768\" data-id=\"956\" src=\"https:\/\/biblioteka.sulejow.pl\/wpmbps\/wp-content\/uploads\/2024\/12\/1.-Dzieci-pozuja-do-zdjecia-razem-z-paniami-bibliotekarkami.-Dzieci-w-rekach-trzymaja-wykonane-przez-siebie-prace3-plastyczne.jpg\" alt=\"\" class=\"wp-image-956\" srcset=\"https:\/\/biblioteka.sulejow.pl\/wpmbps\/wp-content\/uploads\/2024\/12\/1.-Dzieci-pozuja-do-zdjecia-razem-z-paniami-bibliotekarkami.-Dzieci-w-rekach-trzymaja-wykonane-przez-siebie-prace3-plastyczne.jpg 1014w, https:\/\/biblioteka.sulejow.pl\/wpmbps\/wp-content\/uploads\/2024\/12\/1.-Dzieci-pozuja-do-zdjecia-razem-z-paniami-bibliotekarkami.-Dzieci-w-rekach-trzymaja-wykonane-przez-siebie-prace3-plastyczne-300x227.jpg 300w, https:\/\/biblioteka.sulejow.pl\/wpmbps\/wp-content\/uploads\/2024\/12\/1.-Dzieci-pozuja-do-zdjecia-razem-z-paniami-bibliotekarkami.-Dzieci-w-rekach-trzymaja-wykonane-przez-siebie-prace3-plastyczne-768x582.jpg 768w\" sizes=\"auto, (max-width: 1014px) 100vw, 1014px\" \/><\/a><\/figure>\n\n\n\n<figure class=\"wp-block-image size-large\"><a href=\"https:\/\/biblioteka.sulejow.pl\/wpmbps\/wp-content\/uploads\/2024\/12\/2.-Dzieci-siedza-przy-stolach-i-aktywnie-uczestnicza-w-spotkaniu-w-bibliotece.jpg\"><img loading=\"lazy\" decoding=\"async\" width=\"768\" height=\"1024\" data-id=\"953\" src=\"https:\/\/biblioteka.sulejow.pl\/wpmbps\/wp-content\/uploads\/2024\/12\/2.-Dzieci-siedza-przy-stolach-i-aktywnie-uczestnicza-w-spotkaniu-w-bibliotece.jpg\" alt=\"\" class=\"wp-image-953\" srcset=\"https:\/\/biblioteka.sulejow.pl\/wpmbps\/wp-content\/uploads\/2024\/12\/2.-Dzieci-siedza-przy-stolach-i-aktywnie-uczestnicza-w-spotkaniu-w-bibliotece.jpg 768w, https:\/\/biblioteka.sulejow.pl\/wpmbps\/wp-content\/uploads\/2024\/12\/2.-Dzieci-siedza-przy-stolach-i-aktywnie-uczestnicza-w-spotkaniu-w-bibliotece-225x300.jpg 225w\" sizes=\"auto, (max-width: 768px) 100vw, 768px\" \/><\/a><\/figure>\n\n\n\n<figure class=\"wp-block-image size-large\"><a href=\"https:\/\/biblioteka.sulejow.pl\/wpmbps\/wp-content\/uploads\/2024\/12\/3.-Dzieci-wykonuja-przy-stole-prace-plastyczna.jpg\"><img loading=\"lazy\" decoding=\"async\" width=\"768\" height=\"1024\" data-id=\"954\" src=\"https:\/\/biblioteka.sulejow.pl\/wpmbps\/wp-content\/uploads\/2024\/12\/3.-Dzieci-wykonuja-przy-stole-prace-plastyczna.jpg\" alt=\"\" class=\"wp-image-954\" srcset=\"https:\/\/biblioteka.sulejow.pl\/wpmbps\/wp-content\/uploads\/2024\/12\/3.-Dzieci-wykonuja-przy-stole-prace-plastyczna.jpg 768w, https:\/\/biblioteka.sulejow.pl\/wpmbps\/wp-content\/uploads\/2024\/12\/3.-Dzieci-wykonuja-przy-stole-prace-plastyczna-225x300.jpg 225w\" sizes=\"auto, (max-width: 768px) 100vw, 768px\" \/><\/a><\/figure>\n\n\n\n<figure class=\"wp-block-image size-large\"><a href=\"https:\/\/biblioteka.sulejow.pl\/wpmbps\/wp-content\/uploads\/2024\/12\/4.-Dzieci-pozuja-do-wspolnego-zdjecia-ze-Swietym-Mikolajem.jpg\"><img loading=\"lazy\" decoding=\"async\" width=\"1024\" height=\"768\" data-id=\"955\" src=\"https:\/\/biblioteka.sulejow.pl\/wpmbps\/wp-content\/uploads\/2024\/12\/4.-Dzieci-pozuja-do-wspolnego-zdjecia-ze-Swietym-Mikolajem.jpg\" alt=\"\" class=\"wp-image-955\" srcset=\"https:\/\/biblioteka.sulejow.pl\/wpmbps\/wp-content\/uploads\/2024\/12\/4.-Dzieci-pozuja-do-wspolnego-zdjecia-ze-Swietym-Mikolajem.jpg 1024w, https:\/\/biblioteka.sulejow.pl\/wpmbps\/wp-content\/uploads\/2024\/12\/4.-Dzieci-pozuja-do-wspolnego-zdjecia-ze-Swietym-Mikolajem-300x225.jpg 300w, https:\/\/biblioteka.sulejow.pl\/wpmbps\/wp-content\/uploads\/2024\/12\/4.-Dzieci-pozuja-do-wspolnego-zdjecia-ze-Swietym-Mikolajem-768x576.jpg 768w\" sizes=\"auto, (max-width: 1024px) 100vw, 1024px\" \/><\/a><\/figure>\n<\/figure>\n","protected":false},"excerpt":{"rendered":"<p>Dzi\u015b w Miejskiej Bibliotece Publicznej w Sulejowie odby\u0142o si\u0119 wyj\u0105tkowe Spotkanie ze \u015awi\u0119tym Miko\u0142ajem. Pierwszoklasi\u015bci ze Szko\u0142y Podstawowej nr 1 im. Jana Paw\u0142a II w Sulejowie poznali opowie\u015b\u0107 o \u015awi\u0119tym Miko\u0142aju \u2013 o jego \u017cyciu, pomaganiu potrzebuj\u0105cym oraz o tym, jak sta\u0142 si\u0119 symbolem rozdawania prezent\u00f3w i rado\u015bci \u015bwi\u0105tecznej. W trakcie spotkania odby\u0142 si\u0119 pokaz [&hellip;]<\/p>\n","protected":false},"author":1,"featured_media":0,"comment_status":"closed","ping_status":"","sticky":false,"template":"","format":"standard","meta":{"zakra_page_container_layout":"customizer","zakra_page_sidebar_layout":"customizer","zakra_remove_content_margin":false,"zakra_sidebar":"customizer","zakra_transparent_header":"customizer","zakra_logo":0,"zakra_main_header_style":"default","zakra_menu_item_color":"","zakra_menu_item_hover_color":"","zakra_menu_item_active_color":"","zakra_menu_active_style":"","zakra_page_header":true,"footnotes":"","_links_to":"","_links_to_target":""},"categories":[4],"tags":[],"class_list":["post-952","post","type-post","status-publish","format-standard","hentry","category-aktualnosci-2024"],"_links":{"self":[{"href":"https:\/\/biblioteka.sulejow.pl\/index.php?rest_route=\/wp\/v2\/posts\/952","targetHints":{"allow":["GET"]}}],"collection":[{"href":"https:\/\/biblioteka.sulejow.pl\/index.php?rest_route=\/wp\/v2\/posts"}],"about":[{"href":"https:\/\/biblioteka.sulejow.pl\/index.php?rest_route=\/wp\/v2\/types\/post"}],"author":[{"embeddable":true,"href":"https:\/\/biblioteka.sulejow.pl\/index.php?rest_route=\/wp\/v2\/users\/1"}],"replies":[{"embeddable":true,"href":"https:\/\/biblioteka.sulejow.pl\/index.php?rest_route=%2Fwp%2Fv2%2Fcomments&post=952"}],"version-history":[{"count":1,"href":"https:\/\/biblioteka.sulejow.pl\/index.php?rest_route=\/wp\/v2\/posts\/952\/revisions"}],"predecessor-version":[{"id":957,"href":"https:\/\/biblioteka.sulejow.pl\/index.php?rest_route=\/wp\/v2\/posts\/952\/revisions\/957"}],"wp:attachment":[{"href":"https:\/\/biblioteka.sulejow.pl\/index.php?rest_route=%2Fwp%2Fv2%2Fmedia&parent=952"}],"wp:term":[{"taxonomy":"category","embeddable":true,"href":"https:\/\/biblioteka.sulejow.pl\/index.php?rest_route=%2Fwp%2Fv2%2Fcategories&post=952"},{"taxonomy":"post_tag","embeddable":true,"href":"https:\/\/biblioteka.sulejow.pl\/index.php?rest_route=%2Fwp%2Fv2%2Ftags&post=952"}],"curies":[{"name":"wp","href":"https:\/\/api.w.org\/{rel}","templated":true}]}}