{"id":966,"date":"2024-12-17T18:46:05","date_gmt":"2024-12-17T18:46:05","guid":{"rendered":"https:\/\/biblioteka.sulejow.pl\/?p=966"},"modified":"2024-12-17T18:46:05","modified_gmt":"2024-12-17T18:46:05","slug":"w-bozonarodzeniowym-nastroju","status":"publish","type":"post","link":"https:\/\/biblioteka.sulejow.pl\/?p=966","title":{"rendered":"\u201eW bo\u017conarodzeniowym nastroju\u201d"},"content":{"rendered":"\n<p>Z okazji zbli\u017caj\u0105cych si\u0119 \u015awi\u0105t Bo\u017cego Narodzenia Filia Biblioteczna w Przyg\u0142owie zorganizowa\u0142a dla doros\u0142ych czytelnik\u00f3w warsztaty plastyczno-techniczne.<\/p>\n\n\n\n<p>Panie bior\u0105ce udzia\u0142 w spotkaniu \u201eW bo\u017conarodzeniowym nastroju\u201d wykona\u0142y \u015bwi\u0105teczne choinki z zastosowaniem r\u00f3\u017cnorodnych technik i materia\u0142\u00f3w zdobniczych. Ka\u017cda wyj\u0105tkowa, oryginalna i jedyna w swoim rodzaju \u2013 b\u0119dzie stanowi\u0107 mi\u0142y akcent \u015bwi\u0105tecznego wystroju w domach ka\u017cdej z pa\u0144. Spotkanie mia\u0142o charakter i\u015bcie \u015bwi\u0105teczny.<\/p>\n\n\n\n<p>Przy zimowej herbacie i s\u0142odkim pocz\u0119stunku odby\u0142a si\u0119 prezentacja tematycznie dobranej literatury.<\/p>\n\n\n\n<figure class=\"wp-block-gallery has-nested-images columns-default is-cropped wp-block-gallery-1 is-layout-flex wp-block-gallery-is-layout-flex\">\n<figure class=\"wp-block-image size-large\"><a href=\"https:\/\/biblioteka.sulejow.pl\/wpmbps\/wp-content\/uploads\/2024\/12\/1.-Uczestniczki-spotkania-podczas-zajec-plastyczno-technicznych.jpg\"><img loading=\"lazy\" decoding=\"async\" width=\"1024\" height=\"768\" data-id=\"971\" src=\"https:\/\/biblioteka.sulejow.pl\/wpmbps\/wp-content\/uploads\/2024\/12\/1.-Uczestniczki-spotkania-podczas-zajec-plastyczno-technicznych.jpg\" alt=\"\" class=\"wp-image-971\" srcset=\"https:\/\/biblioteka.sulejow.pl\/wpmbps\/wp-content\/uploads\/2024\/12\/1.-Uczestniczki-spotkania-podczas-zajec-plastyczno-technicznych.jpg 1024w, https:\/\/biblioteka.sulejow.pl\/wpmbps\/wp-content\/uploads\/2024\/12\/1.-Uczestniczki-spotkania-podczas-zajec-plastyczno-technicznych-300x225.jpg 300w, https:\/\/biblioteka.sulejow.pl\/wpmbps\/wp-content\/uploads\/2024\/12\/1.-Uczestniczki-spotkania-podczas-zajec-plastyczno-technicznych-768x576.jpg 768w\" sizes=\"auto, (max-width: 1024px) 100vw, 1024px\" \/><\/a><\/figure>\n\n\n\n<figure class=\"wp-block-image size-large\"><a href=\"https:\/\/biblioteka.sulejow.pl\/wpmbps\/wp-content\/uploads\/2024\/12\/2.-Uczestniczki-spotkania-podczas-zajec-plastyczno-technicznych.jpg\"><img loading=\"lazy\" decoding=\"async\" width=\"1024\" height=\"768\" data-id=\"969\" src=\"https:\/\/biblioteka.sulejow.pl\/wpmbps\/wp-content\/uploads\/2024\/12\/2.-Uczestniczki-spotkania-podczas-zajec-plastyczno-technicznych.jpg\" alt=\"\" class=\"wp-image-969\" srcset=\"https:\/\/biblioteka.sulejow.pl\/wpmbps\/wp-content\/uploads\/2024\/12\/2.-Uczestniczki-spotkania-podczas-zajec-plastyczno-technicznych.jpg 1024w, https:\/\/biblioteka.sulejow.pl\/wpmbps\/wp-content\/uploads\/2024\/12\/2.-Uczestniczki-spotkania-podczas-zajec-plastyczno-technicznych-300x225.jpg 300w, https:\/\/biblioteka.sulejow.pl\/wpmbps\/wp-content\/uploads\/2024\/12\/2.-Uczestniczki-spotkania-podczas-zajec-plastyczno-technicznych-768x576.jpg 768w\" sizes=\"auto, (max-width: 1024px) 100vw, 1024px\" \/><\/a><\/figure>\n\n\n\n<figure class=\"wp-block-image size-large\"><a href=\"https:\/\/biblioteka.sulejow.pl\/wpmbps\/wp-content\/uploads\/2024\/12\/3.-Prace-uczestniczek.jpg\"><img loading=\"lazy\" decoding=\"async\" width=\"1024\" height=\"768\" data-id=\"967\" src=\"https:\/\/biblioteka.sulejow.pl\/wpmbps\/wp-content\/uploads\/2024\/12\/3.-Prace-uczestniczek.jpg\" alt=\"\" class=\"wp-image-967\" srcset=\"https:\/\/biblioteka.sulejow.pl\/wpmbps\/wp-content\/uploads\/2024\/12\/3.-Prace-uczestniczek.jpg 1024w, https:\/\/biblioteka.sulejow.pl\/wpmbps\/wp-content\/uploads\/2024\/12\/3.-Prace-uczestniczek-300x225.jpg 300w, https:\/\/biblioteka.sulejow.pl\/wpmbps\/wp-content\/uploads\/2024\/12\/3.-Prace-uczestniczek-768x576.jpg 768w\" sizes=\"auto, (max-width: 1024px) 100vw, 1024px\" \/><\/a><\/figure>\n\n\n\n<figure class=\"wp-block-image size-large\"><a href=\"https:\/\/biblioteka.sulejow.pl\/wpmbps\/wp-content\/uploads\/2024\/12\/4.-Poczestunek.jpg\"><img loading=\"lazy\" decoding=\"async\" width=\"1024\" height=\"768\" data-id=\"972\" src=\"https:\/\/biblioteka.sulejow.pl\/wpmbps\/wp-content\/uploads\/2024\/12\/4.-Poczestunek.jpg\" alt=\"\" class=\"wp-image-972\" srcset=\"https:\/\/biblioteka.sulejow.pl\/wpmbps\/wp-content\/uploads\/2024\/12\/4.-Poczestunek.jpg 1024w, https:\/\/biblioteka.sulejow.pl\/wpmbps\/wp-content\/uploads\/2024\/12\/4.-Poczestunek-300x225.jpg 300w, https:\/\/biblioteka.sulejow.pl\/wpmbps\/wp-content\/uploads\/2024\/12\/4.-Poczestunek-768x576.jpg 768w\" sizes=\"auto, (max-width: 1024px) 100vw, 1024px\" \/><\/a><\/figure>\n\n\n\n<figure class=\"wp-block-image size-large\"><a href=\"https:\/\/biblioteka.sulejow.pl\/wpmbps\/wp-content\/uploads\/2024\/12\/5.-Przeglad-literatury-tematycznej.jpg\"><img loading=\"lazy\" decoding=\"async\" width=\"1024\" height=\"768\" data-id=\"970\" src=\"https:\/\/biblioteka.sulejow.pl\/wpmbps\/wp-content\/uploads\/2024\/12\/5.-Przeglad-literatury-tematycznej.jpg\" alt=\"\" class=\"wp-image-970\" srcset=\"https:\/\/biblioteka.sulejow.pl\/wpmbps\/wp-content\/uploads\/2024\/12\/5.-Przeglad-literatury-tematycznej.jpg 1024w, https:\/\/biblioteka.sulejow.pl\/wpmbps\/wp-content\/uploads\/2024\/12\/5.-Przeglad-literatury-tematycznej-300x225.jpg 300w, https:\/\/biblioteka.sulejow.pl\/wpmbps\/wp-content\/uploads\/2024\/12\/5.-Przeglad-literatury-tematycznej-768x576.jpg 768w\" sizes=\"auto, (max-width: 1024px) 100vw, 1024px\" \/><\/a><\/figure>\n\n\n\n<figure class=\"wp-block-image size-large\"><a href=\"https:\/\/biblioteka.sulejow.pl\/wpmbps\/wp-content\/uploads\/2024\/12\/6.-Wystawa-literatury-bozonarodzeniowej.jpg\"><img loading=\"lazy\" decoding=\"async\" width=\"1024\" height=\"768\" data-id=\"968\" src=\"https:\/\/biblioteka.sulejow.pl\/wpmbps\/wp-content\/uploads\/2024\/12\/6.-Wystawa-literatury-bozonarodzeniowej.jpg\" alt=\"\" class=\"wp-image-968\" srcset=\"https:\/\/biblioteka.sulejow.pl\/wpmbps\/wp-content\/uploads\/2024\/12\/6.-Wystawa-literatury-bozonarodzeniowej.jpg 1024w, https:\/\/biblioteka.sulejow.pl\/wpmbps\/wp-content\/uploads\/2024\/12\/6.-Wystawa-literatury-bozonarodzeniowej-300x225.jpg 300w, https:\/\/biblioteka.sulejow.pl\/wpmbps\/wp-content\/uploads\/2024\/12\/6.-Wystawa-literatury-bozonarodzeniowej-768x576.jpg 768w\" sizes=\"auto, (max-width: 1024px) 100vw, 1024px\" \/><\/a><\/figure>\n<\/figure>\n","protected":false},"excerpt":{"rendered":"<p>Z okazji zbli\u017caj\u0105cych si\u0119 \u015awi\u0105t Bo\u017cego Narodzenia Filia Biblioteczna w Przyg\u0142owie zorganizowa\u0142a dla doros\u0142ych czytelnik\u00f3w warsztaty plastyczno-techniczne. Panie bior\u0105ce udzia\u0142 w spotkaniu \u201eW bo\u017conarodzeniowym nastroju\u201d wykona\u0142y \u015bwi\u0105teczne choinki z zastosowaniem r\u00f3\u017cnorodnych technik i materia\u0142\u00f3w zdobniczych. Ka\u017cda wyj\u0105tkowa, oryginalna i jedyna w swoim rodzaju \u2013 b\u0119dzie stanowi\u0107 mi\u0142y akcent \u015bwi\u0105tecznego wystroju w domach ka\u017cdej z pa\u0144. [&hellip;]<\/p>\n","protected":false},"author":1,"featured_media":0,"comment_status":"closed","ping_status":"","sticky":false,"template":"","format":"standard","meta":{"zakra_page_container_layout":"customizer","zakra_page_sidebar_layout":"customizer","zakra_remove_content_margin":false,"zakra_sidebar":"customizer","zakra_transparent_header":"customizer","zakra_logo":0,"zakra_main_header_style":"default","zakra_menu_item_color":"","zakra_menu_item_hover_color":"","zakra_menu_item_active_color":"","zakra_menu_active_style":"","zakra_page_header":true,"footnotes":"","_links_to":"","_links_to_target":""},"categories":[4],"tags":[],"class_list":["post-966","post","type-post","status-publish","format-standard","hentry","category-aktualnosci-2024"],"_links":{"self":[{"href":"https:\/\/biblioteka.sulejow.pl\/index.php?rest_route=\/wp\/v2\/posts\/966","targetHints":{"allow":["GET"]}}],"collection":[{"href":"https:\/\/biblioteka.sulejow.pl\/index.php?rest_route=\/wp\/v2\/posts"}],"about":[{"href":"https:\/\/biblioteka.sulejow.pl\/index.php?rest_route=\/wp\/v2\/types\/post"}],"author":[{"embeddable":true,"href":"https:\/\/biblioteka.sulejow.pl\/index.php?rest_route=\/wp\/v2\/users\/1"}],"replies":[{"embeddable":true,"href":"https:\/\/biblioteka.sulejow.pl\/index.php?rest_route=%2Fwp%2Fv2%2Fcomments&post=966"}],"version-history":[{"count":1,"href":"https:\/\/biblioteka.sulejow.pl\/index.php?rest_route=\/wp\/v2\/posts\/966\/revisions"}],"predecessor-version":[{"id":973,"href":"https:\/\/biblioteka.sulejow.pl\/index.php?rest_route=\/wp\/v2\/posts\/966\/revisions\/973"}],"wp:attachment":[{"href":"https:\/\/biblioteka.sulejow.pl\/index.php?rest_route=%2Fwp%2Fv2%2Fmedia&parent=966"}],"wp:term":[{"taxonomy":"category","embeddable":true,"href":"https:\/\/biblioteka.sulejow.pl\/index.php?rest_route=%2Fwp%2Fv2%2Fcategories&post=966"},{"taxonomy":"post_tag","embeddable":true,"href":"https:\/\/biblioteka.sulejow.pl\/index.php?rest_route=%2Fwp%2Fv2%2Ftags&post=966"}],"curies":[{"name":"wp","href":"https:\/\/api.w.org\/{rel}","templated":true}]}}