{"id":985,"date":"2025-01-03T19:31:21","date_gmt":"2025-01-03T19:31:21","guid":{"rendered":"https:\/\/biblioteka.sulejow.pl\/?p=985"},"modified":"2025-01-03T19:31:44","modified_gmt":"2025-01-03T19:31:44","slug":"ksiazkowy-niekalendarz","status":"publish","type":"post","link":"https:\/\/biblioteka.sulejow.pl\/?p=985","title":{"rendered":"Ksi\u0105\u017ckowy Niekalendarz"},"content":{"rendered":"\n<p>Drodzy Mi\u0142o\u015bnicy Ksi\u0105\u017cek, ju\u017c niebawem podsumujemy Wasze czytelnicze osi\u0105gni\u0119cia w 2024 roku! A tymczasem zapraszamy naszych najm\u0142odszych czytelnik\u00f3w do wzi\u0119cia udzia\u0142u w tegorocznej edycji Ksi\u0105\u017ckowego NIEKALENDARZA ! To doskona\u0142a okazja, aby odkrywa\u0107 nowe historie, poznawa\u0107 fascynuj\u0105ce \u015bwiaty i rozwija\u0107 swoj\u0105 pasj\u0119 do literatury.<\/p>\n\n\n\n<p>NIEKALENDARZ to inspiracje do aktywno\u015bci z ksi\u0105\u017ck\u0105 dla m\u0142odych czytelnik\u00f3w i nie tylko. Sk\u0142ada si\u0119 z:<\/p>\n\n\n\n<ul class=\"wp-block-list\">\n<li>12 kart z 3 zadaniami na ka\u017cdy miesi\u0105c, kt\u00f3re zach\u0119caj\u0105 do odwiedzenia biblioteki i si\u0119gni\u0119cia po ksi\u0105\u017ck\u0119!<\/li>\n\n\n\n<li>Wie\u017cy Wyzwa\u0144 Czytelniczych \u2013 pozwalaj\u0105cej na \u015bledzenie progresu w kreatywny spos\u00f3b!<\/li>\n<\/ul>\n\n\n\n<p>Dlaczego warto?<\/p>\n\n\n\n<ul class=\"wp-block-list\">\n<li>To \u015bwietna okazja, aby odkry\u0107 nowe gatunki literackie i autor\u00f3w.<\/li>\n\n\n\n<li>Mo\u017cesz wygra\u0107 drobne upominki dla najbardziej zaanga\u017cowanych<br>czytelnik\u00f3w.<\/li>\n\n\n\n<li>Wszyscy uczestnicy, kt\u00f3rzy podejm\u0105 si\u0119 wyzwania otrzymaj\u0105 dyplomy<br>pami\u0105tkowe.<\/li>\n<\/ul>\n\n\n\n<p>Do\u0142\u0105cz ju\u017c dzi\u015b! Szczeg\u00f3\u0142y znajdziesz na profilu NPRCz 2.0 lub w naszych mediach spo\u0142eczno\u015bciowych.<\/p>\n\n\n\n<figure class=\"wp-block-image size-full\"><a href=\"https:\/\/biblioteka.sulejow.pl\/wpmbps\/wp-content\/uploads\/2025\/01\/niekalendarz-1.jpg\"><img loading=\"lazy\" decoding=\"async\" width=\"724\" height=\"1024\" src=\"https:\/\/biblioteka.sulejow.pl\/wpmbps\/wp-content\/uploads\/2025\/01\/niekalendarz-1.jpg\" alt=\"\" class=\"wp-image-987\" srcset=\"https:\/\/biblioteka.sulejow.pl\/wpmbps\/wp-content\/uploads\/2025\/01\/niekalendarz-1.jpg 724w, https:\/\/biblioteka.sulejow.pl\/wpmbps\/wp-content\/uploads\/2025\/01\/niekalendarz-1-212x300.jpg 212w\" sizes=\"auto, (max-width: 724px) 100vw, 724px\" \/><\/a><\/figure>\n","protected":false},"excerpt":{"rendered":"<p>Drodzy Mi\u0142o\u015bnicy Ksi\u0105\u017cek, ju\u017c niebawem podsumujemy Wasze czytelnicze osi\u0105gni\u0119cia w 2024 roku! A tymczasem zapraszamy naszych najm\u0142odszych czytelnik\u00f3w do wzi\u0119cia udzia\u0142u w tegorocznej edycji Ksi\u0105\u017ckowego NIEKALENDARZA ! To doskona\u0142a okazja, aby odkrywa\u0107 nowe historie, poznawa\u0107 fascynuj\u0105ce \u015bwiaty i rozwija\u0107 swoj\u0105 pasj\u0119 do literatury. NIEKALENDARZ to inspiracje do aktywno\u015bci z ksi\u0105\u017ck\u0105 dla m\u0142odych czytelnik\u00f3w i nie [&hellip;]<\/p>\n","protected":false},"author":1,"featured_media":986,"comment_status":"closed","ping_status":"","sticky":false,"template":"","format":"standard","meta":{"zakra_page_container_layout":"customizer","zakra_page_sidebar_layout":"customizer","zakra_remove_content_margin":false,"zakra_sidebar":"customizer","zakra_transparent_header":"customizer","zakra_logo":0,"zakra_main_header_style":"default","zakra_menu_item_color":"","zakra_menu_item_hover_color":"","zakra_menu_item_active_color":"","zakra_menu_active_style":"","zakra_page_header":true,"footnotes":"","_links_to":"","_links_to_target":""},"categories":[4],"tags":[],"class_list":["post-985","post","type-post","status-publish","format-standard","has-post-thumbnail","hentry","category-aktualnosci-2024"],"_links":{"self":[{"href":"https:\/\/biblioteka.sulejow.pl\/index.php?rest_route=\/wp\/v2\/posts\/985","targetHints":{"allow":["GET"]}}],"collection":[{"href":"https:\/\/biblioteka.sulejow.pl\/index.php?rest_route=\/wp\/v2\/posts"}],"about":[{"href":"https:\/\/biblioteka.sulejow.pl\/index.php?rest_route=\/wp\/v2\/types\/post"}],"author":[{"embeddable":true,"href":"https:\/\/biblioteka.sulejow.pl\/index.php?rest_route=\/wp\/v2\/users\/1"}],"replies":[{"embeddable":true,"href":"https:\/\/biblioteka.sulejow.pl\/index.php?rest_route=%2Fwp%2Fv2%2Fcomments&post=985"}],"version-history":[{"count":2,"href":"https:\/\/biblioteka.sulejow.pl\/index.php?rest_route=\/wp\/v2\/posts\/985\/revisions"}],"predecessor-version":[{"id":989,"href":"https:\/\/biblioteka.sulejow.pl\/index.php?rest_route=\/wp\/v2\/posts\/985\/revisions\/989"}],"wp:featuredmedia":[{"embeddable":true,"href":"https:\/\/biblioteka.sulejow.pl\/index.php?rest_route=\/wp\/v2\/media\/986"}],"wp:attachment":[{"href":"https:\/\/biblioteka.sulejow.pl\/index.php?rest_route=%2Fwp%2Fv2%2Fmedia&parent=985"}],"wp:term":[{"taxonomy":"category","embeddable":true,"href":"https:\/\/biblioteka.sulejow.pl\/index.php?rest_route=%2Fwp%2Fv2%2Fcategories&post=985"},{"taxonomy":"post_tag","embeddable":true,"href":"https:\/\/biblioteka.sulejow.pl\/index.php?rest_route=%2Fwp%2Fv2%2Ftags&post=985"}],"curies":[{"name":"wp","href":"https:\/\/api.w.org\/{rel}","templated":true}]}}