{"id":996,"date":"2025-01-21T18:28:43","date_gmt":"2025-01-21T18:28:43","guid":{"rendered":"https:\/\/biblioteka.sulejow.pl\/?p=996"},"modified":"2025-01-21T18:28:43","modified_gmt":"2025-01-21T18:28:43","slug":"warsztaty-z-okazji-dnia-babci-i-dziadka-w-bibliotece","status":"publish","type":"post","link":"https:\/\/biblioteka.sulejow.pl\/?p=996","title":{"rendered":"Warsztaty z okazji Dnia Babci i Dziadka w Bibliotece"},"content":{"rendered":"\n<p>Dzi\u015b w naszej bibliotece odby\u0142y si\u0119 wyj\u0105tkowe warsztaty plastyczne, w kt\u00f3rych uczestniczy\u0142y dzieci ze Szko\u0142y Podstawowej nr 1 im. Jana Paw\u0142a II w Sulejowie.<\/p>\n\n\n\n<p>Wsp\u00f3lnie \u015bwi\u0119towali\u015bmy Dzie\u0144 Babci i Dziadka w kreatywny spos\u00f3b! Biblioteka zamieni\u0142a si\u0119 w prawdziw\u0105 pracowni\u0119 artystyczn\u0105! By\u0142o mn\u00f3stwo \u015bmiechu i dobrej zabawy. Dzieci wykaza\u0142y si\u0119 ogromn\u0105 kreatywno\u015bci\u0105, a efekty ich pracy na pewno wzrusz\u0105 ka\u017cdego obdarowanego.<\/p>\n\n\n\n<p>Co robili\u015bmy? Rozpocz\u0119li\u015bmy od poznania genezy \u015bwi\u0119ta \u2013 dzieci dowiedzia\u0142y si\u0119, sk\u0105d wzi\u0119\u0142a si\u0119 tradycja obchodzenia Dnia Babci i Dziadka, a tak\u017ce dlaczego warto okazywa\u0107 wdzi\u0119czno\u015b\u0107 i mi\u0142o\u015b\u0107 starszemu pokoleniu. Nast\u0119pnie uczniowie z wielkim zapa\u0142em tworzyli pi\u0119kne laurki oraz wyj\u0105tkowe medale dla Superbabci i Superdziadka. Ka\u017cdy projekt by\u0142 pe\u0142en serca i kolor\u00f3w. Dzieci z ogromnym zaanga\u017cowaniem przygotowywa\u0142y prace, chc\u0105c sprawi\u0107 swoim babciom i dziadkom rado\u015b\u0107 i pokaza\u0107, jak bardzo ich kochaj\u0105. Nie zabrak\u0142o r\u00f3wnie\u017c wsp\u00f3lnego czytania bajek i przegl\u0105dania ksi\u0105\u017cek przygotowanych specjalnie na t\u0119 okazj\u0119.<\/p>\n\n\n\n<p>Serdecznie dzi\u0119kujemy wszystkim uczestnikom za udzia\u0142 w warsztatach. To by\u0142 niezapomniany dzie\u0144, pe\u0142en ciep\u0142a i mi\u0142o\u015bci do naszych bab\u0107 i dziadk\u00f3w.<\/p>\n\n\n\n<p>Wszystkim Babciom i Dziadkom sk\u0142adamy najserdeczniejsze \u017cyczenia \u2013 zdrowia, u\u015bmiechu i pociechy z wnuk\u00f3w!<\/p>\n\n\n\n<figure class=\"wp-block-gallery has-nested-images columns-default is-cropped wp-block-gallery-1 is-layout-flex wp-block-gallery-is-layout-flex\">\n<figure class=\"wp-block-image size-large\"><a href=\"https:\/\/biblioteka.sulejow.pl\/wpmbps\/wp-content\/uploads\/2025\/01\/1.-Uczestnicy-zajec-poznaja-geneze-swieta-babci-i-dziadka.jpg\"><img loading=\"lazy\" decoding=\"async\" width=\"768\" height=\"831\" data-id=\"997\" src=\"https:\/\/biblioteka.sulejow.pl\/wpmbps\/wp-content\/uploads\/2025\/01\/1.-Uczestnicy-zajec-poznaja-geneze-swieta-babci-i-dziadka.jpg\" alt=\"\" class=\"wp-image-997\" srcset=\"https:\/\/biblioteka.sulejow.pl\/wpmbps\/wp-content\/uploads\/2025\/01\/1.-Uczestnicy-zajec-poznaja-geneze-swieta-babci-i-dziadka.jpg 768w, https:\/\/biblioteka.sulejow.pl\/wpmbps\/wp-content\/uploads\/2025\/01\/1.-Uczestnicy-zajec-poznaja-geneze-swieta-babci-i-dziadka-277x300.jpg 277w\" sizes=\"auto, (max-width: 768px) 100vw, 768px\" \/><\/a><\/figure>\n\n\n\n<figure class=\"wp-block-image size-large\"><a href=\"https:\/\/biblioteka.sulejow.pl\/wpmbps\/wp-content\/uploads\/2025\/01\/2.-Kobieta-czyta-dzieciom-bajki-o-babci.jpg\"><img loading=\"lazy\" decoding=\"async\" width=\"768\" height=\"1024\" data-id=\"998\" src=\"https:\/\/biblioteka.sulejow.pl\/wpmbps\/wp-content\/uploads\/2025\/01\/2.-Kobieta-czyta-dzieciom-bajki-o-babci.jpg\" alt=\"\" class=\"wp-image-998\" srcset=\"https:\/\/biblioteka.sulejow.pl\/wpmbps\/wp-content\/uploads\/2025\/01\/2.-Kobieta-czyta-dzieciom-bajki-o-babci.jpg 768w, https:\/\/biblioteka.sulejow.pl\/wpmbps\/wp-content\/uploads\/2025\/01\/2.-Kobieta-czyta-dzieciom-bajki-o-babci-225x300.jpg 225w\" sizes=\"auto, (max-width: 768px) 100vw, 768px\" \/><\/a><\/figure>\n\n\n\n<figure class=\"wp-block-image size-large\"><a href=\"https:\/\/biblioteka.sulejow.pl\/wpmbps\/wp-content\/uploads\/2025\/01\/3.-Chlopiec-prezentuje-wlasnorecznie-wykonany-medal-dla-babci.jpg\"><img loading=\"lazy\" decoding=\"async\" width=\"768\" height=\"1024\" data-id=\"999\" src=\"https:\/\/biblioteka.sulejow.pl\/wpmbps\/wp-content\/uploads\/2025\/01\/3.-Chlopiec-prezentuje-wlasnorecznie-wykonany-medal-dla-babci.jpg\" alt=\"\" class=\"wp-image-999\" srcset=\"https:\/\/biblioteka.sulejow.pl\/wpmbps\/wp-content\/uploads\/2025\/01\/3.-Chlopiec-prezentuje-wlasnorecznie-wykonany-medal-dla-babci.jpg 768w, https:\/\/biblioteka.sulejow.pl\/wpmbps\/wp-content\/uploads\/2025\/01\/3.-Chlopiec-prezentuje-wlasnorecznie-wykonany-medal-dla-babci-225x300.jpg 225w\" sizes=\"auto, (max-width: 768px) 100vw, 768px\" \/><\/a><\/figure>\n\n\n\n<figure class=\"wp-block-image size-large\"><a href=\"https:\/\/biblioteka.sulejow.pl\/wpmbps\/wp-content\/uploads\/2025\/01\/4.Dziewczynka-pokazuje-wlasnorecznie-wykonana-laurke.jpg\"><img loading=\"lazy\" decoding=\"async\" width=\"937\" height=\"768\" data-id=\"1002\" src=\"https:\/\/biblioteka.sulejow.pl\/wpmbps\/wp-content\/uploads\/2025\/01\/4.Dziewczynka-pokazuje-wlasnorecznie-wykonana-laurke.jpg\" alt=\"\" class=\"wp-image-1002\" srcset=\"https:\/\/biblioteka.sulejow.pl\/wpmbps\/wp-content\/uploads\/2025\/01\/4.Dziewczynka-pokazuje-wlasnorecznie-wykonana-laurke.jpg 937w, https:\/\/biblioteka.sulejow.pl\/wpmbps\/wp-content\/uploads\/2025\/01\/4.Dziewczynka-pokazuje-wlasnorecznie-wykonana-laurke-300x246.jpg 300w, https:\/\/biblioteka.sulejow.pl\/wpmbps\/wp-content\/uploads\/2025\/01\/4.Dziewczynka-pokazuje-wlasnorecznie-wykonana-laurke-768x629.jpg 768w\" sizes=\"auto, (max-width: 937px) 100vw, 937px\" \/><\/a><\/figure>\n\n\n\n<figure class=\"wp-block-image size-large\"><a href=\"https:\/\/biblioteka.sulejow.pl\/wpmbps\/wp-content\/uploads\/2025\/01\/5.-Dzieci-wykonuja-prace-plastyczne.jpg\"><img loading=\"lazy\" decoding=\"async\" width=\"911\" height=\"768\" data-id=\"1000\" src=\"https:\/\/biblioteka.sulejow.pl\/wpmbps\/wp-content\/uploads\/2025\/01\/5.-Dzieci-wykonuja-prace-plastyczne.jpg\" alt=\"\" class=\"wp-image-1000\" srcset=\"https:\/\/biblioteka.sulejow.pl\/wpmbps\/wp-content\/uploads\/2025\/01\/5.-Dzieci-wykonuja-prace-plastyczne.jpg 911w, https:\/\/biblioteka.sulejow.pl\/wpmbps\/wp-content\/uploads\/2025\/01\/5.-Dzieci-wykonuja-prace-plastyczne-300x253.jpg 300w, https:\/\/biblioteka.sulejow.pl\/wpmbps\/wp-content\/uploads\/2025\/01\/5.-Dzieci-wykonuja-prace-plastyczne-768x647.jpg 768w\" sizes=\"auto, (max-width: 911px) 100vw, 911px\" \/><\/a><\/figure>\n\n\n\n<figure class=\"wp-block-image size-large\"><a href=\"https:\/\/biblioteka.sulejow.pl\/wpmbps\/wp-content\/uploads\/2025\/01\/6.-Dzieci-wykonuja-prace-plastyczne.jpg\"><img loading=\"lazy\" decoding=\"async\" width=\"768\" height=\"1024\" data-id=\"1001\" src=\"https:\/\/biblioteka.sulejow.pl\/wpmbps\/wp-content\/uploads\/2025\/01\/6.-Dzieci-wykonuja-prace-plastyczne.jpg\" alt=\"\" class=\"wp-image-1001\" srcset=\"https:\/\/biblioteka.sulejow.pl\/wpmbps\/wp-content\/uploads\/2025\/01\/6.-Dzieci-wykonuja-prace-plastyczne.jpg 768w, https:\/\/biblioteka.sulejow.pl\/wpmbps\/wp-content\/uploads\/2025\/01\/6.-Dzieci-wykonuja-prace-plastyczne-225x300.jpg 225w\" sizes=\"auto, (max-width: 768px) 100vw, 768px\" \/><\/a><\/figure>\n<\/figure>\n","protected":false},"excerpt":{"rendered":"<p>Dzi\u015b w naszej bibliotece odby\u0142y si\u0119 wyj\u0105tkowe warsztaty plastyczne, w kt\u00f3rych uczestniczy\u0142y dzieci ze Szko\u0142y Podstawowej nr 1 im. Jana Paw\u0142a II w Sulejowie. Wsp\u00f3lnie \u015bwi\u0119towali\u015bmy Dzie\u0144 Babci i Dziadka w kreatywny spos\u00f3b! Biblioteka zamieni\u0142a si\u0119 w prawdziw\u0105 pracowni\u0119 artystyczn\u0105! By\u0142o mn\u00f3stwo \u015bmiechu i dobrej zabawy. Dzieci wykaza\u0142y si\u0119 ogromn\u0105 kreatywno\u015bci\u0105, a efekty ich pracy [&hellip;]<\/p>\n","protected":false},"author":1,"featured_media":0,"comment_status":"closed","ping_status":"closed","sticky":false,"template":"","format":"standard","meta":{"zakra_page_container_layout":"customizer","zakra_page_sidebar_layout":"customizer","zakra_remove_content_margin":false,"zakra_sidebar":"customizer","zakra_transparent_header":"customizer","zakra_logo":0,"zakra_main_header_style":"default","zakra_menu_item_color":"","zakra_menu_item_hover_color":"","zakra_menu_item_active_color":"","zakra_menu_active_style":"","zakra_page_header":true,"footnotes":"","_links_to":"","_links_to_target":""},"categories":[6],"tags":[],"class_list":["post-996","post","type-post","status-publish","format-standard","hentry","category-aktualnosci-2025"],"_links":{"self":[{"href":"https:\/\/biblioteka.sulejow.pl\/index.php?rest_route=\/wp\/v2\/posts\/996","targetHints":{"allow":["GET"]}}],"collection":[{"href":"https:\/\/biblioteka.sulejow.pl\/index.php?rest_route=\/wp\/v2\/posts"}],"about":[{"href":"https:\/\/biblioteka.sulejow.pl\/index.php?rest_route=\/wp\/v2\/types\/post"}],"author":[{"embeddable":true,"href":"https:\/\/biblioteka.sulejow.pl\/index.php?rest_route=\/wp\/v2\/users\/1"}],"replies":[{"embeddable":true,"href":"https:\/\/biblioteka.sulejow.pl\/index.php?rest_route=%2Fwp%2Fv2%2Fcomments&post=996"}],"version-history":[{"count":1,"href":"https:\/\/biblioteka.sulejow.pl\/index.php?rest_route=\/wp\/v2\/posts\/996\/revisions"}],"predecessor-version":[{"id":1003,"href":"https:\/\/biblioteka.sulejow.pl\/index.php?rest_route=\/wp\/v2\/posts\/996\/revisions\/1003"}],"wp:attachment":[{"href":"https:\/\/biblioteka.sulejow.pl\/index.php?rest_route=%2Fwp%2Fv2%2Fmedia&parent=996"}],"wp:term":[{"taxonomy":"category","embeddable":true,"href":"https:\/\/biblioteka.sulejow.pl\/index.php?rest_route=%2Fwp%2Fv2%2Fcategories&post=996"},{"taxonomy":"post_tag","embeddable":true,"href":"https:\/\/biblioteka.sulejow.pl\/index.php?rest_route=%2Fwp%2Fv2%2Ftags&post=996"}],"curies":[{"name":"wp","href":"https:\/\/api.w.org\/{rel}","templated":true}]}}